{"id":9755,"date":"2014-08-09T10:00:17","date_gmt":"2014-08-09T08:00:17","guid":{"rendered":"http:\/\/archivio.comune.potenza.it\/comune_wp\/?p=9755"},"modified":"2014-08-09T10:00:17","modified_gmt":"2014-08-09T08:00:17","slug":"gianpaolo-carretta-partito-democratico-fondi-regionali-per-la-citta-di-potenza","status":"publish","type":"post","link":"https:\/\/archivio.comune.potenza.it\/?p=9755","title":{"rendered":"Gianpaolo Carretta (Partito Democratico): Fondi regionali per la citt\u00e0 di Potenza"},"content":{"rendered":"<p>Salutiamo con favore la manovra finanziaria approvata dal Consiglio Regionale in relazione all\u2019assestamento di bilancio, perch\u00e9 essa comincia ad affrontare i grandi temi strategici che interessano la Basilicata, con particolare riferimento alle questioni che attengono alla solidariet\u00e0, alla sussidiariet\u00e0, allo sviluppo socio-economico, alle infrastrutture e alle esigenze degli Enti Locali. Proprio in relazione a tale ultimo argomento, va\u00a0 valorizzata la decisione con la quale sono stati trasferiti al Comune di Potenza i residui 4.000.000 di euro dei\u00a0 nove assegnati nel bilancio preventivo originariamente attestati nel 2015. I prossimi mesi poi serviranno a varare un\u2019apposita legge in favore delle due citt\u00e0 capoluogo, e di tutti quegli altri centri erogatori di servizi sovra comunali, come da sempre richiesto tra l\u2019altro dal PD di Potenza, per esaltare la funzione del Capoluogo di Regione,\u00a0 quale citt\u00e0 erogatrice di servizi di qualit\u00e0 ad una comunit\u00e0 pi\u00f9 ampia di quella che amministra. Ma ci preme altres\u00ec sottolineare l\u2019impegno del centro sinistra del gruppo del Partito Democratico, e del Sindaco uscente Santarsiero, che si sono spesi per il bene di Potenza, nonostante oggi sia governata da una giunta di destra, perch\u00e9 il nostro unico obiettivo \u00e8 quello della valorizzazione del bene comune e della tutela delle necessit\u00e0 amministrative e sociali di Potenza.<\/p>\n<p>\u00a0<\/p>\n","protected":false},"excerpt":{"rendered":"<p>Salutiamo con favore la manovra finanziaria approvata dal Consiglio Regionale in relazione all\u2019assestamento di bilancio, perch\u00e9 essa comincia ad affrontare i grandi temi strategici che &#8230; <\/p>\n","protected":false},"author":1,"featured_media":0,"comment_status":"closed","ping_status":"closed","sticky":false,"template":"single-sidebar.php","format":"standard","meta":{"footnotes":""},"categories":[384],"tags":[],"class_list":["post-9755","post","type-post","status-publish","format-standard","hentry","category-c243-comunicati-stampa-dei-consiglieri-243"],"_links":{"self":[{"href":"https:\/\/archivio.comune.potenza.it\/index.php?rest_route=\/wp\/v2\/posts\/9755"}],"collection":[{"href":"https:\/\/archivio.comune.potenza.it\/index.php?rest_route=\/wp\/v2\/posts"}],"about":[{"href":"https:\/\/archivio.comune.potenza.it\/index.php?rest_route=\/wp\/v2\/types\/post"}],"author":[{"embeddable":true,"href":"https:\/\/archivio.comune.potenza.it\/index.php?rest_route=\/wp\/v2\/users\/1"}],"replies":[{"embeddable":true,"href":"https:\/\/archivio.comune.potenza.it\/index.php?rest_route=%2Fwp%2Fv2%2Fcomments&post=9755"}],"version-history":[{"count":0,"href":"https:\/\/archivio.comune.potenza.it\/index.php?rest_route=\/wp\/v2\/posts\/9755\/revisions"}],"wp:attachment":[{"href":"https:\/\/archivio.comune.potenza.it\/index.php?rest_route=%2Fwp%2Fv2%2Fmedia&parent=9755"}],"wp:term":[{"taxonomy":"category","embeddable":true,"href":"https:\/\/archivio.comune.potenza.it\/index.php?rest_route=%2Fwp%2Fv2%2Fcategories&post=9755"},{"taxonomy":"post_tag","embeddable":true,"href":"https:\/\/archivio.comune.potenza.it\/index.php?rest_route=%2Fwp%2Fv2%2Ftags&post=9755"}],"curies":[{"name":"wp","href":"https:\/\/api.w.org\/{rel}","templated":true}]}}