{"id":9765,"date":"2014-08-14T14:43:22","date_gmt":"2014-08-14T12:43:22","guid":{"rendered":"http:\/\/archivio.comune.potenza.it\/comune_wp\/?p=9765"},"modified":"2014-08-14T14:43:22","modified_gmt":"2014-08-14T12:43:22","slug":"alessandro-galella-fratelli-d-italia-manutenzione-del-verde-pubblico-e-privato","status":"publish","type":"post","link":"https:\/\/archivio.comune.potenza.it\/?p=9765","title":{"rendered":"Alessandro Galella (Fratelli d&#8217;Italia): Manutenzione del verde pubblico e privato"},"content":{"rendered":"<p>Il consigliere comunale Alessandro Galella (Fratelli d\u2019Italia) interviene sul verde pubblico in citt\u00e0: \u201cLe sollecitazioni di via Genova contro lo sporco e il degrado del verde devono far riflettere tutti i potentini. Il problema del degrado diffuso nella citt\u00e0 deve essere da stimolo per tutti affinch\u00e9 si riesca a ridare al capoluogo la dignit\u00e0 che merita. Potenza ha immediata necessit\u00e0 di una nuova impostazione della cura del verde pubblico e privato. Potenza ha assoluto bisogno di ridisegnare il suo decoro e rilanciare la cultura del rispetto della sua storia e dei suoi luoghi pubblici. E&#8217; oramai chiaro a tutti, che una larga fetta di potentini, in particolare tra le nuove generazioni, non ama e non rispetta la citt\u00e0 in cui vive e di cui dovrebbe sentirsi figlio. Occorre costruire una importante campagna culturale per rilanciare il rispetto dei luoghi e del decoro. Non bisogna dimenticare per\u00f2 che il capoluogo ospita al suo interno tante aree verdi di propriet\u00e0 di Enti come la Provincia, la Regione, aziende ospedaliere, agenzie regionali, uffici ministeriali, ecc. Infatti esistono tantissime piccole e grandi zone verdi di propriet\u00e0 privata o di propriet\u00e0 condominiale e nella consuetudine delle vecchie amministrazioni spesso il Comune si occupava di risolvere con mezzi propri anche emergenze che si manifestavano in queste aree. Ritengo invece che sia giunta l&#8217;ora che grazie al nuovo &#8220;catasto del verde&#8221; inizino controlli affinch\u00e9 tutti, nell&#8217;immediato, contribuiscano alla cura del decoro della citt\u00e0 come prevede la legge. Troppo spesso invece siamo stati abituati ad occuparci solo di ci\u00f2 che e&#8217; dentro le mura delle nostre case, dobbiamo invece ritornare a considerare tutta la citt\u00e0 come casa nostra, degna della stessa attenzione e dello stesso rispetto. Bisogna mettere in campo subito una grande operazione di controlli diffusi e immediati, con eventuali sanzioni e con una grande attenzione alla pulizia e al decoro. Difendere la citt\u00e0 con occhio vigile per contrastare tutti quelli che per chiss\u00e0 quale folle motivo aspirano a vivere in una citt\u00e0 che sia grande immondezzaio anzich\u00e9 in una citt\u00e0 decorosa e pulita come le nostre case\u201d conclude il consigliere Galella.<\/p>\n<div class=\"attachmentsContainer\">\u00a0<\/div>\n<div class=\"cmp_buttons_container\">\u00a0<\/div>\n<p><BR><A HREF =\"attachments\/article\/10545\/Numeri utili.pdf\" title=\"Numeri utili.pdf\" target=\"_blank\" >Numeri utili.pdf<\/A><\/p>\n","protected":false},"excerpt":{"rendered":"<p>Il consigliere comunale Alessandro Galella (Fratelli d\u2019Italia) interviene sul verde pubblico in citt\u00e0: \u201cLe sollecitazioni di via Genova contro lo sporco e il degrado del &#8230; <\/p>\n","protected":false},"author":1,"featured_media":0,"comment_status":"closed","ping_status":"closed","sticky":false,"template":"single-sidebar.php","format":"standard","meta":{"footnotes":""},"categories":[384],"tags":[],"class_list":["post-9765","post","type-post","status-publish","format-standard","hentry","category-c243-comunicati-stampa-dei-consiglieri-243"],"_links":{"self":[{"href":"https:\/\/archivio.comune.potenza.it\/index.php?rest_route=\/wp\/v2\/posts\/9765"}],"collection":[{"href":"https:\/\/archivio.comune.potenza.it\/index.php?rest_route=\/wp\/v2\/posts"}],"about":[{"href":"https:\/\/archivio.comune.potenza.it\/index.php?rest_route=\/wp\/v2\/types\/post"}],"author":[{"embeddable":true,"href":"https:\/\/archivio.comune.potenza.it\/index.php?rest_route=\/wp\/v2\/users\/1"}],"replies":[{"embeddable":true,"href":"https:\/\/archivio.comune.potenza.it\/index.php?rest_route=%2Fwp%2Fv2%2Fcomments&post=9765"}],"version-history":[{"count":0,"href":"https:\/\/archivio.comune.potenza.it\/index.php?rest_route=\/wp\/v2\/posts\/9765\/revisions"}],"wp:attachment":[{"href":"https:\/\/archivio.comune.potenza.it\/index.php?rest_route=%2Fwp%2Fv2%2Fmedia&parent=9765"}],"wp:term":[{"taxonomy":"category","embeddable":true,"href":"https:\/\/archivio.comune.potenza.it\/index.php?rest_route=%2Fwp%2Fv2%2Fcategories&post=9765"},{"taxonomy":"post_tag","embeddable":true,"href":"https:\/\/archivio.comune.potenza.it\/index.php?rest_route=%2Fwp%2Fv2%2Ftags&post=9765"}],"curies":[{"name":"wp","href":"https:\/\/api.w.org\/{rel}","templated":true}]}}