{"id":9784,"date":"2014-08-25T16:22:39","date_gmt":"2014-08-25T14:22:39","guid":{"rendered":"http:\/\/archivio.comune.potenza.it\/comune_wp\/?p=9784"},"modified":"2014-08-25T16:22:39","modified_gmt":"2014-08-25T14:22:39","slug":"alessandro-galella-fratelli-d-italia-ricorrenza-del-18-agosto-1860","status":"publish","type":"post","link":"https:\/\/archivio.comune.potenza.it\/?p=9784","title":{"rendered":"Alessandro Galella (Fratelli d&#8217;Italia): Ricorrenza del 18 Agosto 1860"},"content":{"rendered":"<p><span>&#8220;Il 18 agosto ricorre l&#8217;importante anniversario della sollevazione del popolo potentino per l&#8217;Unit\u00e0 d&#8217;Italia. La volont\u00e0 di un&#8217;Italia unita e la speranza di una vita migliore fu la molla che vide Potenza per prima animarsi e combattere. 154 anni dopo, &#8211; prosegue in una sua nota il consigliere comunale di (FdI), Alessandro Galella &#8211; Porenza e i potentini sembrano avere ancora bisogno di coraggio e tanta dedizione per rimettere in piedi una citta&#8217; in grande sofferenza per la crisi che ha colpito il mondo, l&#8217;Italia e in particolare il sud. Probabilmente proprio nella consapevolezza della storia, delle proprie radici, di un dna che \u00e8 riuscito, a testa alta, a superare innumerevoli difficolta&#8217; che si pu\u00f2 trovare la strada giusta per risollevarsi da un periodo cos\u00ec difficile. Tornare a sentirsi una comunit\u00e0 \u00e8 il primo tassello da realizzare, una comunit\u00e0 che nei momenti difficile deve lavorare per il bene di tutti evitando inutili faide utili solo ad allontanare la speranza di una svolta. Per questo credo sarebbe utile Ricordare sempre ai giovani la storia di cui sono figli e i luoghi della loro storia, sperando che possano imparare a rispettare di pi\u00f9 la citt\u00e0 e le sue vicissitudini. Il 18 agosto 1860 e&#8217; una delle pagine importanti da non dimenticare e sulle quali costruire unita&#8217;, questa volta non dell&#8217;Italia, ma della potentinit\u00e0&#8221;, conclude il consigliere Galella.<\/span><\/p>\n","protected":false},"excerpt":{"rendered":"<p>&#8220;Il 18 agosto ricorre l&#8217;importante anniversario della sollevazione del popolo potentino per l&#8217;Unit\u00e0 d&#8217;Italia. La volont\u00e0 di un&#8217;Italia unita e la speranza di una vita &#8230; <\/p>\n","protected":false},"author":1,"featured_media":0,"comment_status":"closed","ping_status":"closed","sticky":false,"template":"single-sidebar.php","format":"standard","meta":{"footnotes":""},"categories":[384],"tags":[],"class_list":["post-9784","post","type-post","status-publish","format-standard","hentry","category-c243-comunicati-stampa-dei-consiglieri-243"],"_links":{"self":[{"href":"https:\/\/archivio.comune.potenza.it\/index.php?rest_route=\/wp\/v2\/posts\/9784"}],"collection":[{"href":"https:\/\/archivio.comune.potenza.it\/index.php?rest_route=\/wp\/v2\/posts"}],"about":[{"href":"https:\/\/archivio.comune.potenza.it\/index.php?rest_route=\/wp\/v2\/types\/post"}],"author":[{"embeddable":true,"href":"https:\/\/archivio.comune.potenza.it\/index.php?rest_route=\/wp\/v2\/users\/1"}],"replies":[{"embeddable":true,"href":"https:\/\/archivio.comune.potenza.it\/index.php?rest_route=%2Fwp%2Fv2%2Fcomments&post=9784"}],"version-history":[{"count":0,"href":"https:\/\/archivio.comune.potenza.it\/index.php?rest_route=\/wp\/v2\/posts\/9784\/revisions"}],"wp:attachment":[{"href":"https:\/\/archivio.comune.potenza.it\/index.php?rest_route=%2Fwp%2Fv2%2Fmedia&parent=9784"}],"wp:term":[{"taxonomy":"category","embeddable":true,"href":"https:\/\/archivio.comune.potenza.it\/index.php?rest_route=%2Fwp%2Fv2%2Fcategories&post=9784"},{"taxonomy":"post_tag","embeddable":true,"href":"https:\/\/archivio.comune.potenza.it\/index.php?rest_route=%2Fwp%2Fv2%2Ftags&post=9784"}],"curies":[{"name":"wp","href":"https:\/\/api.w.org\/{rel}","templated":true}]}}