{"id":9786,"date":"2014-08-26T10:21:10","date_gmt":"2014-08-26T08:21:10","guid":{"rendered":"http:\/\/archivio.comune.potenza.it\/comune_wp\/?p=9786"},"modified":"2014-08-26T10:21:10","modified_gmt":"2014-08-26T08:21:10","slug":"antonio-vigilante-lista-civica-per-la-citta-soppressione-corte-di-appello-di-potenza","status":"publish","type":"post","link":"https:\/\/archivio.comune.potenza.it\/?p=9786","title":{"rendered":"Antonio Vigilante (Lista Civica per la Citt\u00e0): Soppressione Corte di Appello di Potenza"},"content":{"rendered":"<p dir=\"ltr\">\u00a0&#8220;Apprendiamo dai media che il 29 agosto prossimo il Guardasigilli Orlando porter\u00e0 in Consiglio dei Ministri un progetto (si spera, di legge ordinaria) relativo alla riforma della giustizia. Accanto a encomiabili riforme, &#8211; prosegue in una sua nota il consigliere comunale Antonio Vigilante (Lista civica per la Citt\u00e0) &#8211; quali l&#8217;abbreviamento dei tempi del processo civile e la responsabilit\u00e0 dei magistrati, vi \u00e8 per\u00f2, e purtroppo, anche un provvedimento che rivela il vecchio vizio burocratico di risparmiare i soldi pubblici non gi\u00e0 attaccando i santuari dello spreco, ma togliendo risorse ai cittadini. Il 29 agosto, infatti, in consiglio dei ministri verr\u00e0 discussa la soppressione della Corte d&#8217;Appello di Potenza, insieme alle altre due di L&#8217;Aquila e Campobasso.<br \/>Si tratta di una misura non solo inutile ma addirittura dannosa: inutile perch\u00e8 non genera alcun risparmio, trattandosi di un semplice trasferimento di personale da una sede all&#8217;altra, e in pi\u00f9 prevede il mantenimento della struttura del tribunale potentino con i relativi costi; dannosa perch\u00e9 comporter\u00e0 un ulteriore allungamento dei tempi della giustizia, e una lievitazione dei relativi costi, per i Lucani tutti. Ricordo che presso la Corte d&#8217;Appello lucana le cause vengono gi\u00e0 rinviate, oggi, alle impossibili date del 2021. Cosa succeder\u00e0 quando questa enorme mole di lavoro, senza integrazioni nell&#8217;organico dei magistrati, arriver\u00e0 alle Corti di Bari o di Salerno? Nei prossimi giorni ci aspettiamo che non soltanto gli amministratori locali e la societ\u00e0 civile facciano sentire la propria voce, ma anche e soprattutto i parlamentari, eletti con i voti dei Lucani -alcuni dei quali considerati influenti a Roma- rendano pubblico il proprio dissenso su questa proposta illogica, dilettantesca e dettata da esigenze demagogiche pi\u00f9 che da ragioni d&#8217;interesse pubblico. La soppressione della Corte d&#8217;Appello lucana pu\u00f2 essere il punto di non ritorno verso la disgregazione dell&#8217;unit\u00e0 territoriale dei Lucani, la marginalizzazione del capoluogo e la vendita a pezzi della nostra storia di comunit\u00e0&#8221; conclude il consigliere Vigilante.<\/p>\n<div class=\"attachmentsContainer\">\u00a0<\/div>\n<div class=\"cmp_buttons_container\">\u00a0<\/div>\n","protected":false},"excerpt":{"rendered":"<p>\u00a0&#8220;Apprendiamo dai media che il 29 agosto prossimo il Guardasigilli Orlando porter\u00e0 in Consiglio dei Ministri un progetto (si spera, di legge ordinaria) relativo alla &#8230; <\/p>\n","protected":false},"author":1,"featured_media":0,"comment_status":"closed","ping_status":"closed","sticky":false,"template":"single-sidebar.php","format":"standard","meta":{"footnotes":""},"categories":[384],"tags":[],"class_list":["post-9786","post","type-post","status-publish","format-standard","hentry","category-c243-comunicati-stampa-dei-consiglieri-243"],"_links":{"self":[{"href":"https:\/\/archivio.comune.potenza.it\/index.php?rest_route=\/wp\/v2\/posts\/9786"}],"collection":[{"href":"https:\/\/archivio.comune.potenza.it\/index.php?rest_route=\/wp\/v2\/posts"}],"about":[{"href":"https:\/\/archivio.comune.potenza.it\/index.php?rest_route=\/wp\/v2\/types\/post"}],"author":[{"embeddable":true,"href":"https:\/\/archivio.comune.potenza.it\/index.php?rest_route=\/wp\/v2\/users\/1"}],"replies":[{"embeddable":true,"href":"https:\/\/archivio.comune.potenza.it\/index.php?rest_route=%2Fwp%2Fv2%2Fcomments&post=9786"}],"version-history":[{"count":0,"href":"https:\/\/archivio.comune.potenza.it\/index.php?rest_route=\/wp\/v2\/posts\/9786\/revisions"}],"wp:attachment":[{"href":"https:\/\/archivio.comune.potenza.it\/index.php?rest_route=%2Fwp%2Fv2%2Fmedia&parent=9786"}],"wp:term":[{"taxonomy":"category","embeddable":true,"href":"https:\/\/archivio.comune.potenza.it\/index.php?rest_route=%2Fwp%2Fv2%2Fcategories&post=9786"},{"taxonomy":"post_tag","embeddable":true,"href":"https:\/\/archivio.comune.potenza.it\/index.php?rest_route=%2Fwp%2Fv2%2Ftags&post=9786"}],"curies":[{"name":"wp","href":"https:\/\/api.w.org\/{rel}","templated":true}]}}