{"id":9797,"date":"2014-08-27T11:16:14","date_gmt":"2014-08-27T09:16:14","guid":{"rendered":"http:\/\/archivio.comune.potenza.it\/comune_wp\/?p=9797"},"modified":"2014-08-27T11:16:14","modified_gmt":"2014-08-27T09:16:14","slug":"savino-giannizzari-movimento-5-stelle-funzione-importante-dei-comitati-di-quartiere","status":"publish","type":"post","link":"https:\/\/archivio.comune.potenza.it\/?p=9797","title":{"rendered":"Savino Giannizzari (Movimento 5 Stelle):Funzione importante dei Comitati di Quartiere"},"content":{"rendered":"<p>I Comitati di quartiere di Potenza vanno potenziati e devono avere nuove competenze e ambiti territoriali di intervento. Tutto questo per far s\u00ec che diventino gli strumenti istituzionali che consentano ai cittadini di essere coinvolti nelle scelte che l\u2019Amministrazione comunale compie, in pi\u00f9 per fare in modo che siano i pres\u00ecdi pi\u00f9 vicini e attivi della vita sociale, culturale e aggregativa che si determina nei rioni e nelle zone rurali della citt\u00e0.<\/p>\n<p>Per aprire il dibattito su queste tematiche e dare una prima testimonianza su come sia possibile andare in questa direzione, il portavoce consigliere del Movimento 5 Stelle di Potenza Savino Giannizzari ha promosso, insieme al Comitato di quartiere Rione Lucania e all\u2019Associazione Culturale Persona Libera di contrada Giuliano, una serie di iniziative che si svolgeranno domani 27 agosto presso il rione Parco Tre Fontane<\/p>\n<p>La manifestazione, che rientra nella programmazione degli eventi estivi cittadini, inizier\u00e0 alle ore 17.00 con il coinvolgimento di bambini e ragazzi che potranno utilizzare i giochi gonfiabili all\u2019interno di un area protetta e potranno partecipare a dei corsi di Zumba e Step Tonic tenuti dall\u2019istruttrice Loredana Baldassarre. Alle 18.00 si svolger\u00e0 un triangolare di calcetto presso il campo di Parco tre Fontane con le rappresentative di Rione Lucania, dell\u2019associazione Persona Libera e la delegazione dei rifugiati politici ospitati nel quartiere. La serata proseguir\u00e0, grazie alla collaborazione del Ristorante Al Nord di Contrada Giuliano, con la degustazione di un piatto tipico potentino a base di cavatelli e fagioli.<\/p>\n<p>\u201cL\u2019evento di domani &#8211; ha detto Savino Giannizzari &#8211; \u00e8 solo una prima iniziativa che il Movimento 5 Stelle di Potenza promuover\u00e0 per spingere l\u2019Amministrazione comunale ad intervenire con progetti ed interventi concreti atti a riqualificare e rivitalizzare i rioni e le aree rurali della citt\u00e0 e per fare in modo che vengano applicate politiche di democrazia partecipata e di coinvolgimento vero e diretto dei cittadini nelle decisioni amministrative\u201d.<\/p>\n<p>\u00a0<\/p>\n","protected":false},"excerpt":{"rendered":"<p>I Comitati di quartiere di Potenza vanno potenziati e devono avere nuove competenze e ambiti territoriali di intervento. Tutto questo per far s\u00ec che diventino &#8230; <\/p>\n","protected":false},"author":1,"featured_media":0,"comment_status":"closed","ping_status":"closed","sticky":false,"template":"single-sidebar.php","format":"standard","meta":{"footnotes":""},"categories":[384],"tags":[],"class_list":["post-9797","post","type-post","status-publish","format-standard","hentry","category-c243-comunicati-stampa-dei-consiglieri-243"],"_links":{"self":[{"href":"https:\/\/archivio.comune.potenza.it\/index.php?rest_route=\/wp\/v2\/posts\/9797"}],"collection":[{"href":"https:\/\/archivio.comune.potenza.it\/index.php?rest_route=\/wp\/v2\/posts"}],"about":[{"href":"https:\/\/archivio.comune.potenza.it\/index.php?rest_route=\/wp\/v2\/types\/post"}],"author":[{"embeddable":true,"href":"https:\/\/archivio.comune.potenza.it\/index.php?rest_route=\/wp\/v2\/users\/1"}],"replies":[{"embeddable":true,"href":"https:\/\/archivio.comune.potenza.it\/index.php?rest_route=%2Fwp%2Fv2%2Fcomments&post=9797"}],"version-history":[{"count":0,"href":"https:\/\/archivio.comune.potenza.it\/index.php?rest_route=\/wp\/v2\/posts\/9797\/revisions"}],"wp:attachment":[{"href":"https:\/\/archivio.comune.potenza.it\/index.php?rest_route=%2Fwp%2Fv2%2Fmedia&parent=9797"}],"wp:term":[{"taxonomy":"category","embeddable":true,"href":"https:\/\/archivio.comune.potenza.it\/index.php?rest_route=%2Fwp%2Fv2%2Fcategories&post=9797"},{"taxonomy":"post_tag","embeddable":true,"href":"https:\/\/archivio.comune.potenza.it\/index.php?rest_route=%2Fwp%2Fv2%2Ftags&post=9797"}],"curies":[{"name":"wp","href":"https:\/\/api.w.org\/{rel}","templated":true}]}}