{"id":9798,"date":"2014-08-27T11:18:18","date_gmt":"2014-08-27T09:18:18","guid":{"rendered":"http:\/\/archivio.comune.potenza.it\/comune_wp\/?p=9798"},"modified":"2014-08-27T11:18:18","modified_gmt":"2014-08-27T09:18:18","slug":"lucia-sileo-e-carmen-celi-partito-democratico-data-di-apertura-degli-asili-nido","status":"publish","type":"post","link":"https:\/\/archivio.comune.potenza.it\/?p=9798","title":{"rendered":"Lucia Sileo e Carmen Celi (Partito Democratico): Data di apertura degli Asili Nido"},"content":{"rendered":"<p>La presidente della 4^ Commissione Consiliare del Comune di Potenza Lucia Sileo e la collega consigliere del PD Carmen Celi,appresa in mattinata la conferma dell\u2019apertura degli asili nido al 15 settembre e la soppressione della sezione primavera comunale,ritengono doveroso evidenziare come questa azione amministrativa crei grandi disagi alle famiglie che usufruiscono del servizio. Gli asili nido -dicono- sono strumenti fondamentali per permettere ai genitori,in particolare alle donne ,di tornare con serenit\u00e0 al lavoro. Le donne democratiche con in testa il premier Renzi da anni lottano affinch\u00e8 si incentivino le politiche di welfare al fine di permettere alle donne ,madri,la conciliazione tra attivit\u00e0 professionale e cura della famiglia. La maternit\u00e0 \u00e8 un valore sociale,non un peso per la societ\u00e0.<br \/>Pertanto duole e indigna dover sentire affermare dall\u2019assessore alla Pubblica Istruzione Margherita De Francesco,una donna, che ella ritiene \u201cun vezzo tipicamente potentino quello di riaprire gli asili nido il 1 settembre e non farlo in concomitanza con l\u2019apertura ordinaria delle altre scuole\u201d. Riteniamo, consapevoli delle difficolt\u00e0 economiche in cui versa il Comune, -concludono Sileo e Celi- che l\u2019apertura degli asili, il servizio della mensa e quello del trasporto scolastico siano in testa all\u2019agenda delle azioni positive da mettere in campo da parte delle amministrazioni comunali.<\/p>\n","protected":false},"excerpt":{"rendered":"<p>La presidente della 4^ Commissione Consiliare del Comune di Potenza Lucia Sileo e la collega consigliere del PD Carmen Celi,appresa in mattinata la conferma dell\u2019apertura &#8230; <\/p>\n","protected":false},"author":1,"featured_media":0,"comment_status":"closed","ping_status":"closed","sticky":false,"template":"single-sidebar.php","format":"standard","meta":{"footnotes":""},"categories":[384],"tags":[],"class_list":["post-9798","post","type-post","status-publish","format-standard","hentry","category-c243-comunicati-stampa-dei-consiglieri-243"],"_links":{"self":[{"href":"https:\/\/archivio.comune.potenza.it\/index.php?rest_route=\/wp\/v2\/posts\/9798"}],"collection":[{"href":"https:\/\/archivio.comune.potenza.it\/index.php?rest_route=\/wp\/v2\/posts"}],"about":[{"href":"https:\/\/archivio.comune.potenza.it\/index.php?rest_route=\/wp\/v2\/types\/post"}],"author":[{"embeddable":true,"href":"https:\/\/archivio.comune.potenza.it\/index.php?rest_route=\/wp\/v2\/users\/1"}],"replies":[{"embeddable":true,"href":"https:\/\/archivio.comune.potenza.it\/index.php?rest_route=%2Fwp%2Fv2%2Fcomments&post=9798"}],"version-history":[{"count":0,"href":"https:\/\/archivio.comune.potenza.it\/index.php?rest_route=\/wp\/v2\/posts\/9798\/revisions"}],"wp:attachment":[{"href":"https:\/\/archivio.comune.potenza.it\/index.php?rest_route=%2Fwp%2Fv2%2Fmedia&parent=9798"}],"wp:term":[{"taxonomy":"category","embeddable":true,"href":"https:\/\/archivio.comune.potenza.it\/index.php?rest_route=%2Fwp%2Fv2%2Fcategories&post=9798"},{"taxonomy":"post_tag","embeddable":true,"href":"https:\/\/archivio.comune.potenza.it\/index.php?rest_route=%2Fwp%2Fv2%2Ftags&post=9798"}],"curies":[{"name":"wp","href":"https:\/\/api.w.org\/{rel}","templated":true}]}}