{"id":9799,"date":"2014-08-27T11:23:42","date_gmt":"2014-08-27T09:23:42","guid":{"rendered":"http:\/\/archivio.comune.potenza.it\/comune_wp\/?p=9799"},"modified":"2014-08-27T11:23:42","modified_gmt":"2014-08-27T09:23:42","slug":"alessandro-galella-fratelli-d-italia-antonio-vigilante-lista-civica-per-la-citta-e-franco-morlino-popolari-per-l-italia-data-di-apertura-degli-asili-nido","status":"publish","type":"post","link":"https:\/\/archivio.comune.potenza.it\/?p=9799","title":{"rendered":"Alessandro Galella (Fratelli d&#8217;Italia), Antonio Vigilante (Lista Civica per la Citt\u00e0) e Franco Morlino (Popolari per l&#8217;Italia): Data di apertura degli Asili Nido"},"content":{"rendered":"<p><span>L&#8217;intervento dei consiglieri comunali di opposizione, Lucia Sileo e Carmen Celi, con il quale si deprecava la scelta dell&#8217;Amministrazione Comunale di fissare al\u00a0<\/span><span><a href=\"x-apple-data-detectors:\/\/0\"><span>15 settembre<\/span><\/a>\u00a0<\/span><span>l&#8217;apertura degli asili nido e la soppressione della sezione primavera appare non solo del tutto inopportuna per il ruolo istituzionale di Presidente della IV Commissione rivestito dalla Sileo, che dovrebbe esercitare la sua funzione in modo superpartes, ma anche strumentale perch\u00e8 piuttosto che agevolare la soluzione dei problemi ereditati dalla precedente Amministrazione, si mostra figlia di uno sterile spirito polemico. Le consigliere dimenticano peraltro di scrivere che la classe primavera composta da nove bambini costava alle casse comunali 40.000 euro, oltre 4.400 euro per bambino e che a causa di un prolungamento dell&#8217;apertura degli asili nido di un mese voluta dallo scorso assessore, costata 180 mila euro fuori bilancio e inoltre di un disavanzo di bilancio di oltre 14 milioni di euro. La nuova Amministrazione deve fare tutto ci\u00f2 che si pu\u00f2 permettere, abbandonando il vezzo caratteristico delle passate amministrazioni di fare e dare oltre le possibilit\u00e0 che la cassa comunale offre. Proprio questo vezzo ha condotto il capoluogo all&#8217;attuale catastrofica situazione di bilancio. \u00a0L&#8217;assessore alla cultura Margherita De Francesco inoltre ha assicurato di continuare a ricercare ogni strada per garantire l&#8217;apertura gia&#8217; dal primo settembre. I consiglieri Comunali di Fratelli d&#8217;Italia, Popolari per l&#8217;Italia e Lista Civica De Luca, ben consci del valore sociale del servizio di asilo nido auspicano e confidano in una soluzione positiva della vicenda che possa conciliare ragioni economiche e interessi della collettivit\u00e0. \u00a0<\/span><\/p>\n","protected":false},"excerpt":{"rendered":"<p>L&#8217;intervento dei consiglieri comunali di opposizione, Lucia Sileo e Carmen Celi, con il quale si deprecava la scelta dell&#8217;Amministrazione Comunale di fissare al\u00a015 settembre\u00a0l&#8217;apertura degli &#8230; <\/p>\n","protected":false},"author":1,"featured_media":0,"comment_status":"closed","ping_status":"closed","sticky":false,"template":"single-sidebar.php","format":"standard","meta":{"footnotes":""},"categories":[384],"tags":[],"class_list":["post-9799","post","type-post","status-publish","format-standard","hentry","category-c243-comunicati-stampa-dei-consiglieri-243"],"_links":{"self":[{"href":"https:\/\/archivio.comune.potenza.it\/index.php?rest_route=\/wp\/v2\/posts\/9799"}],"collection":[{"href":"https:\/\/archivio.comune.potenza.it\/index.php?rest_route=\/wp\/v2\/posts"}],"about":[{"href":"https:\/\/archivio.comune.potenza.it\/index.php?rest_route=\/wp\/v2\/types\/post"}],"author":[{"embeddable":true,"href":"https:\/\/archivio.comune.potenza.it\/index.php?rest_route=\/wp\/v2\/users\/1"}],"replies":[{"embeddable":true,"href":"https:\/\/archivio.comune.potenza.it\/index.php?rest_route=%2Fwp%2Fv2%2Fcomments&post=9799"}],"version-history":[{"count":0,"href":"https:\/\/archivio.comune.potenza.it\/index.php?rest_route=\/wp\/v2\/posts\/9799\/revisions"}],"wp:attachment":[{"href":"https:\/\/archivio.comune.potenza.it\/index.php?rest_route=%2Fwp%2Fv2%2Fmedia&parent=9799"}],"wp:term":[{"taxonomy":"category","embeddable":true,"href":"https:\/\/archivio.comune.potenza.it\/index.php?rest_route=%2Fwp%2Fv2%2Fcategories&post=9799"},{"taxonomy":"post_tag","embeddable":true,"href":"https:\/\/archivio.comune.potenza.it\/index.php?rest_route=%2Fwp%2Fv2%2Ftags&post=9799"}],"curies":[{"name":"wp","href":"https:\/\/api.w.org\/{rel}","templated":true}]}}