{"id":9806,"date":"2014-08-27T15:48:22","date_gmt":"2014-08-27T13:48:22","guid":{"rendered":"http:\/\/archivio.comune.potenza.it\/comune_wp\/?p=9806"},"modified":"2014-08-27T15:48:22","modified_gmt":"2014-08-27T13:48:22","slug":"gerardo-nardiello-partito-democratico-delibera-ufficio-staff-comune-di-potenza","status":"publish","type":"post","link":"https:\/\/archivio.comune.potenza.it\/?p=9806","title":{"rendered":"Gerardo Nardiello (Partito Democratico): Delibera Ufficio Staff Comune di Potenza"},"content":{"rendered":"<div><span style=\"line-height: 1.3em;\">&#8220;Considero inspiegabile ed inaccettabile sul piano politico e metodologico la scelta del sindaco De Luca di far sostenere al Comune di Potenza una spesa che si poteva certamente evitare, istituendo uno specifico \u2018Ufficio staff\u2019 per Rocco Coviello, consigliere di Fratelli d\u2019Italia, dimessosi per affrontare questa nuova esperienza lavorativa, diversamente da come si era presentato ai suoi elettori. \u2013Cos\u00ec il consigliere Gerardo Nardiello del Partito Democratico commenta la delibera che assegna a Rocco Coviello un contratto a tempo determinato nell\u2019Ufficio di staff di De Luca-.<\/span><\/div>\n<p>Il nuovo corso amministrativo del Comune di Potenza era stato annunciato in modo diverso da come effettivamente si sta portando avanti. Il sindaco De Luca, da candidato, aveva promesso una gestione oculata, sobria e concreta, in linea con la fase di ristrettezza economica e di crisi che ancora aggredisce cittadini ed enti. Ma si trattava, evidentemente, soltanto di propaganda. Tuttavia sono i cittadini a pagarne, ancora una volta, i conti e le spese.<\/p>\n<p>Questa non \u00e8 la prima contraddizione del sindaco De Luca. Aveva annunciato, ancora, in campagna elettorale che la sua Giunta avrebbe perseguito azioni di contenimento della spesa gi\u00e0 nella sua composizione. In tal senso si \u00e8 registrato un nulla di fatto, dato che il numero di assessori nominati non \u00e8 certamente da annoverare tra le azioni di spending review.<\/p>\n<p>Sono atti che -conclude Nardiello- i partiti di opposizione a questa Giunta politica di destra non possono che denunciare con forza, assumendo responsabilmente il compito di vigilare a tutela della cittadinanza e affinch\u00e8 si intraprendano azioni e si stanzino fondi volti soltanto al rilancio della nostra comunit\u00e0&#8221;.<\/p>\n","protected":false},"excerpt":{"rendered":"<p>&#8220;Considero inspiegabile ed inaccettabile sul piano politico e metodologico la scelta del sindaco De Luca di far sostenere al Comune di Potenza una spesa che &#8230; <\/p>\n","protected":false},"author":1,"featured_media":0,"comment_status":"closed","ping_status":"closed","sticky":false,"template":"single-sidebar.php","format":"standard","meta":{"footnotes":""},"categories":[384],"tags":[],"class_list":["post-9806","post","type-post","status-publish","format-standard","hentry","category-c243-comunicati-stampa-dei-consiglieri-243"],"_links":{"self":[{"href":"https:\/\/archivio.comune.potenza.it\/index.php?rest_route=\/wp\/v2\/posts\/9806"}],"collection":[{"href":"https:\/\/archivio.comune.potenza.it\/index.php?rest_route=\/wp\/v2\/posts"}],"about":[{"href":"https:\/\/archivio.comune.potenza.it\/index.php?rest_route=\/wp\/v2\/types\/post"}],"author":[{"embeddable":true,"href":"https:\/\/archivio.comune.potenza.it\/index.php?rest_route=\/wp\/v2\/users\/1"}],"replies":[{"embeddable":true,"href":"https:\/\/archivio.comune.potenza.it\/index.php?rest_route=%2Fwp%2Fv2%2Fcomments&post=9806"}],"version-history":[{"count":0,"href":"https:\/\/archivio.comune.potenza.it\/index.php?rest_route=\/wp\/v2\/posts\/9806\/revisions"}],"wp:attachment":[{"href":"https:\/\/archivio.comune.potenza.it\/index.php?rest_route=%2Fwp%2Fv2%2Fmedia&parent=9806"}],"wp:term":[{"taxonomy":"category","embeddable":true,"href":"https:\/\/archivio.comune.potenza.it\/index.php?rest_route=%2Fwp%2Fv2%2Fcategories&post=9806"},{"taxonomy":"post_tag","embeddable":true,"href":"https:\/\/archivio.comune.potenza.it\/index.php?rest_route=%2Fwp%2Fv2%2Ftags&post=9806"}],"curies":[{"name":"wp","href":"https:\/\/api.w.org\/{rel}","templated":true}]}}