{"id":9807,"date":"2014-08-27T15:50:35","date_gmt":"2014-08-27T13:50:35","guid":{"rendered":"http:\/\/archivio.comune.potenza.it\/comune_wp\/?p=9807"},"modified":"2014-08-27T15:50:35","modified_gmt":"2014-08-27T13:50:35","slug":"sergio-potenza-popolari-uniti-richiesta-di-un-consiglio-comunale-straordinario-su-soppressione-distretto-corte-d-appello-di-potenza","status":"publish","type":"post","link":"https:\/\/archivio.comune.potenza.it\/?p=9807","title":{"rendered":"Sergio Potenza (Popolari Uniti): Richiesta di un Consiglio Comunale straordinario su soppressione distretto Corte d\u2019Appello di Potenza"},"content":{"rendered":"<p><span style=\"line-height: 1.3em;\">La Corte d\u2019Appello di Potenza \u00e8 un importantissimo presidio di legalit\u00e0 per la Regione Basilicata, anche in virt\u00f9 dell\u2019organizzazione del settore giustizia sul territorio. Quindi \u00e8 necessario impegnare tutte le istituzioni per scongiurare gli effetti devastanti di una soppressione.<\/span><\/p>\n<p>Questo \u00e8 quanto sostiene in una nota il capogruppo dei Popolari Uniti in Consiglio comunale Sergio Potenza, primo firmatario della richiesta di convocazione urgente dell\u2019assise aperta e straordinaria sul tema.<\/p>\n<p>Eventuali disorganizzazioni del settore della giustizia- prosegue Potenza &#8211; avrebbero effetti negativi sulla citt\u00e0 \u00a0e non solo. Per tali ragioni \u00e8 sorta l\u2019esigenza da parte dei consiglieri comunali del capoluogo di aderire alla proposta di dibattito consiliare.<\/p>\n<p>Non bisogna dimenticare che nel corso degli anni molti altri uffici sono stati soppressi e trasferiti per competenza nelle regioni limitrofe.<\/p>\n<p>E\u2019 in atto \u2013 aggiunge Potenza \u2013 una vera e propria spoliazione della regione e, in qualit\u00e0 di rappresentanti istituzionali, non possiamo consentirci di lasciar passare sotto traccia detta attivit\u00e0.\u00a0 \u00a0<\/p>\n<p>\u00a0\u201cE\u2019 evidente \u2013conclude Potenza- che bisogna efficientare il sistema Italia, ma non a scapito delle popolazioni, specie quelle pi\u00f9 disagiate. Fare chiarezza e\u2019 d\u2019obbligo.\u201d<\/p>\n","protected":false},"excerpt":{"rendered":"<p>La Corte d\u2019Appello di Potenza \u00e8 un importantissimo presidio di legalit\u00e0 per la Regione Basilicata, anche in virt\u00f9 dell\u2019organizzazione del settore giustizia sul territorio. Quindi &#8230; <\/p>\n","protected":false},"author":1,"featured_media":0,"comment_status":"closed","ping_status":"closed","sticky":false,"template":"single-sidebar.php","format":"standard","meta":{"footnotes":""},"categories":[384],"tags":[],"class_list":["post-9807","post","type-post","status-publish","format-standard","hentry","category-c243-comunicati-stampa-dei-consiglieri-243"],"_links":{"self":[{"href":"https:\/\/archivio.comune.potenza.it\/index.php?rest_route=\/wp\/v2\/posts\/9807"}],"collection":[{"href":"https:\/\/archivio.comune.potenza.it\/index.php?rest_route=\/wp\/v2\/posts"}],"about":[{"href":"https:\/\/archivio.comune.potenza.it\/index.php?rest_route=\/wp\/v2\/types\/post"}],"author":[{"embeddable":true,"href":"https:\/\/archivio.comune.potenza.it\/index.php?rest_route=\/wp\/v2\/users\/1"}],"replies":[{"embeddable":true,"href":"https:\/\/archivio.comune.potenza.it\/index.php?rest_route=%2Fwp%2Fv2%2Fcomments&post=9807"}],"version-history":[{"count":0,"href":"https:\/\/archivio.comune.potenza.it\/index.php?rest_route=\/wp\/v2\/posts\/9807\/revisions"}],"wp:attachment":[{"href":"https:\/\/archivio.comune.potenza.it\/index.php?rest_route=%2Fwp%2Fv2%2Fmedia&parent=9807"}],"wp:term":[{"taxonomy":"category","embeddable":true,"href":"https:\/\/archivio.comune.potenza.it\/index.php?rest_route=%2Fwp%2Fv2%2Fcategories&post=9807"},{"taxonomy":"post_tag","embeddable":true,"href":"https:\/\/archivio.comune.potenza.it\/index.php?rest_route=%2Fwp%2Fv2%2Ftags&post=9807"}],"curies":[{"name":"wp","href":"https:\/\/api.w.org\/{rel}","templated":true}]}}