{"id":9811,"date":"2014-08-28T09:29:40","date_gmt":"2014-08-28T07:29:40","guid":{"rendered":"http:\/\/archivio.comune.potenza.it\/comune_wp\/?p=9811"},"modified":"2014-08-28T09:29:40","modified_gmt":"2014-08-28T07:29:40","slug":"roberto-falotico-potenza-condivisa-apertura-anticipata-degli-asili-nido","status":"publish","type":"post","link":"https:\/\/archivio.comune.potenza.it\/?p=9811","title":{"rendered":"Roberto Falotico (Potenza Condivisa): Apertura anticipata degli asili nido"},"content":{"rendered":"<p><span style=\"line-height: 1.3em;\">Il consigliere del centrosinistra Roberto Falotico esprime il proprio compiacimento \u201cper la positiva soluzione alla quale si \u00e8 giunti nel garantire l\u2019apertura degli asili nido il prossimo primo settembre. Ringrazio il Sindaco De Luca per la proficua interlocuzione avuta, e per aver dimostrato particolare sensibilit\u00e0 sul tema che riguarda molte famiglie di Potenza. Aver ricevuto anche l\u2019attenzione della Regione attraverso il suo governatore Marcello Pittella, dimostra come quando si lavora congiuntamente per il raggiungimento di un obiettivo di pubblico interesse si possa addivenire a una positiva sintesi per tutti i soggetti interessati. L\u2019intuizione puntuale della precedente Amministrazione Santarsiero ha tracciato una linea condivisa e accolta da tutti i cittadini che utilizzano il servizio. \u00a0Ben venga l\u2019impegno dimostrato sulla vicenda dai presidenti Pietro Campagna e Lucia Sileo e dei rispettivi componenti della Prima e Quarta Commissione Prima e Quarta Commissione. E\u2019 bene evidenziare \u2013 conclude il consigliere Falotico \u2013 come gli asili nido eroghino un servizio fondamentale e indispensabile per famiglie con bimbi, un servizio che si potrebbe definire di prima necessit\u00e0 per una comunit\u00e0 cittadina che ha sempre pi\u00f9 bisogno di un welfare che passa anche e soprattutto attraverso questi aspetti\u201d.<\/span><\/p>\n<p>\u00a0<\/p>\n","protected":false},"excerpt":{"rendered":"<p>Il consigliere del centrosinistra Roberto Falotico esprime il proprio compiacimento \u201cper la positiva soluzione alla quale si \u00e8 giunti nel garantire l\u2019apertura degli asili nido &#8230; <\/p>\n","protected":false},"author":1,"featured_media":0,"comment_status":"closed","ping_status":"closed","sticky":false,"template":"single-sidebar.php","format":"standard","meta":{"footnotes":""},"categories":[384],"tags":[],"class_list":["post-9811","post","type-post","status-publish","format-standard","hentry","category-c243-comunicati-stampa-dei-consiglieri-243"],"_links":{"self":[{"href":"https:\/\/archivio.comune.potenza.it\/index.php?rest_route=\/wp\/v2\/posts\/9811"}],"collection":[{"href":"https:\/\/archivio.comune.potenza.it\/index.php?rest_route=\/wp\/v2\/posts"}],"about":[{"href":"https:\/\/archivio.comune.potenza.it\/index.php?rest_route=\/wp\/v2\/types\/post"}],"author":[{"embeddable":true,"href":"https:\/\/archivio.comune.potenza.it\/index.php?rest_route=\/wp\/v2\/users\/1"}],"replies":[{"embeddable":true,"href":"https:\/\/archivio.comune.potenza.it\/index.php?rest_route=%2Fwp%2Fv2%2Fcomments&post=9811"}],"version-history":[{"count":0,"href":"https:\/\/archivio.comune.potenza.it\/index.php?rest_route=\/wp\/v2\/posts\/9811\/revisions"}],"wp:attachment":[{"href":"https:\/\/archivio.comune.potenza.it\/index.php?rest_route=%2Fwp%2Fv2%2Fmedia&parent=9811"}],"wp:term":[{"taxonomy":"category","embeddable":true,"href":"https:\/\/archivio.comune.potenza.it\/index.php?rest_route=%2Fwp%2Fv2%2Fcategories&post=9811"},{"taxonomy":"post_tag","embeddable":true,"href":"https:\/\/archivio.comune.potenza.it\/index.php?rest_route=%2Fwp%2Fv2%2Ftags&post=9811"}],"curies":[{"name":"wp","href":"https:\/\/api.w.org\/{rel}","templated":true}]}}