{"id":9812,"date":"2014-08-28T09:31:22","date_gmt":"2014-08-28T07:31:22","guid":{"rendered":"http:\/\/archivio.comune.potenza.it\/comune_wp\/?p=9812"},"modified":"2014-08-28T09:31:22","modified_gmt":"2014-08-28T07:31:22","slug":"alessandro-galella-fratelli-d-italia-antonio-vigilante-lista-civica-per-la-citta-e-franco-morlino-popolari-per-l-italia-apertura-anticipata-degli-asili-nido","status":"publish","type":"post","link":"https:\/\/archivio.comune.potenza.it\/?p=9812","title":{"rendered":"Alessandro Galella (Fratelli d&#8217;Italia), Antonio Vigilante (Lista Civica per la Citt\u00e0) e Franco Morlino (Popolari per l&#8217;Italia): Apertura anticipata degli Asili Nido"},"content":{"rendered":"<div>I consiglieri comunali di Fratelli d&#8217;Italia, Popolari per l&#8217;Italia e lista civica De Luca esprimono tutto il loro apprezzamento per la positiva conclusione della vicenda inerente l&#8217;apertura anticipata degli asili nido. Il provvedimento odierno conferma che la fiducia nell&#8217;operato degli amministratori si \u00e8 rivelata ben riposta e che le uniche ragioni ostative all&#8217;apertura anticipata erano di carattere prettamente economico, rappresentando i servizi alle famiglie una priorit\u00e0 dell&#8217;attuale Governo cittadino. Con tale atto l&#8217;amministrazione ha dato prova della propria efficenza e della volont\u00e0 di perseguire unicamente gli interessi della propria comunit\u00e0, nonch\u00e9 della propria apertura al dialogo con tutte le parti per la ricerca di soluzioni condivise. Non pu\u00f2 quindi non riconoscersi il merito del Sindaco, dell&#8217;Assessore DeFrancesco e di quei consiglieri che, come Falotico, hanno ripudiato la logica della sterile &#8220;polemica politica&#8221; perpetrata attraverso forse frettolosi comunicati stampa, e si sono adoperati per la soluzione del problema dando all&#8217;Amministrazione il tempo e la serenit\u00e0 per operare al meglio.<\/div>\n","protected":false},"excerpt":{"rendered":"<p>I consiglieri comunali di Fratelli d&#8217;Italia, Popolari per l&#8217;Italia e lista civica De Luca esprimono tutto il loro apprezzamento per la positiva conclusione della vicenda &#8230; <\/p>\n","protected":false},"author":1,"featured_media":0,"comment_status":"closed","ping_status":"closed","sticky":false,"template":"single-sidebar.php","format":"standard","meta":{"footnotes":""},"categories":[384],"tags":[],"class_list":["post-9812","post","type-post","status-publish","format-standard","hentry","category-c243-comunicati-stampa-dei-consiglieri-243"],"_links":{"self":[{"href":"https:\/\/archivio.comune.potenza.it\/index.php?rest_route=\/wp\/v2\/posts\/9812"}],"collection":[{"href":"https:\/\/archivio.comune.potenza.it\/index.php?rest_route=\/wp\/v2\/posts"}],"about":[{"href":"https:\/\/archivio.comune.potenza.it\/index.php?rest_route=\/wp\/v2\/types\/post"}],"author":[{"embeddable":true,"href":"https:\/\/archivio.comune.potenza.it\/index.php?rest_route=\/wp\/v2\/users\/1"}],"replies":[{"embeddable":true,"href":"https:\/\/archivio.comune.potenza.it\/index.php?rest_route=%2Fwp%2Fv2%2Fcomments&post=9812"}],"version-history":[{"count":0,"href":"https:\/\/archivio.comune.potenza.it\/index.php?rest_route=\/wp\/v2\/posts\/9812\/revisions"}],"wp:attachment":[{"href":"https:\/\/archivio.comune.potenza.it\/index.php?rest_route=%2Fwp%2Fv2%2Fmedia&parent=9812"}],"wp:term":[{"taxonomy":"category","embeddable":true,"href":"https:\/\/archivio.comune.potenza.it\/index.php?rest_route=%2Fwp%2Fv2%2Fcategories&post=9812"},{"taxonomy":"post_tag","embeddable":true,"href":"https:\/\/archivio.comune.potenza.it\/index.php?rest_route=%2Fwp%2Fv2%2Ftags&post=9812"}],"curies":[{"name":"wp","href":"https:\/\/api.w.org\/{rel}","templated":true}]}}