{"id":9813,"date":"2014-08-28T09:33:47","date_gmt":"2014-08-28T07:33:47","guid":{"rendered":"http:\/\/archivio.comune.potenza.it\/comune_wp\/?p=9813"},"modified":"2014-08-28T09:33:47","modified_gmt":"2014-08-28T07:33:47","slug":"lucia-sileo-partito-democratico-apertura-anticipata-degli-asili-nido","status":"publish","type":"post","link":"https:\/\/archivio.comune.potenza.it\/?p=9813","title":{"rendered":"Lucia Sileo (Partito Democratico):  Apertura anticipata degli Asili Nido"},"content":{"rendered":"<p>Il presidente della IV^ commissione consiliare Lucia Sileo (PD) nell&#8217;apprendere dal Sindaco De Luca la notizia della apertura degli asili nido il primo settembre prossimo in una nota esprime soddisfazione per un provvedimento che la precedente Amministrazione, sensibile alle esigenze delle famiglie potentine, aveva sempre adottato in questi termini. Ringraziamo &#8211; aggiunge &#8211; la Regione Basilicata ed il suo Presidente per la vicinanza dimostrata alle questioni della citt\u00e0 e prendiamo atto che una grande sollecitazione alla risoluzione dei problemi \u00e8 arrivata dal consigliere di opposizione Falotico e non dall&#8217;assessore al ramo che si \u00e8 dimostrata inadeguata a trovare soluzioni ad una situazione che rischiava di creare non pochi problemi alle famiglie con bimbi piccoli.<\/p>\n<div class=\"attachmentsContainer\">\u00a0<\/div>\n<div class=\"cmp_buttons_container\">\u00a0<\/div>\n","protected":false},"excerpt":{"rendered":"<p>Il presidente della IV^ commissione consiliare Lucia Sileo (PD) nell&#8217;apprendere dal Sindaco De Luca la notizia della apertura degli asili nido il primo settembre prossimo &#8230; <\/p>\n","protected":false},"author":1,"featured_media":0,"comment_status":"closed","ping_status":"closed","sticky":false,"template":"single-sidebar.php","format":"standard","meta":{"footnotes":""},"categories":[384],"tags":[],"class_list":["post-9813","post","type-post","status-publish","format-standard","hentry","category-c243-comunicati-stampa-dei-consiglieri-243"],"_links":{"self":[{"href":"https:\/\/archivio.comune.potenza.it\/index.php?rest_route=\/wp\/v2\/posts\/9813"}],"collection":[{"href":"https:\/\/archivio.comune.potenza.it\/index.php?rest_route=\/wp\/v2\/posts"}],"about":[{"href":"https:\/\/archivio.comune.potenza.it\/index.php?rest_route=\/wp\/v2\/types\/post"}],"author":[{"embeddable":true,"href":"https:\/\/archivio.comune.potenza.it\/index.php?rest_route=\/wp\/v2\/users\/1"}],"replies":[{"embeddable":true,"href":"https:\/\/archivio.comune.potenza.it\/index.php?rest_route=%2Fwp%2Fv2%2Fcomments&post=9813"}],"version-history":[{"count":0,"href":"https:\/\/archivio.comune.potenza.it\/index.php?rest_route=\/wp\/v2\/posts\/9813\/revisions"}],"wp:attachment":[{"href":"https:\/\/archivio.comune.potenza.it\/index.php?rest_route=%2Fwp%2Fv2%2Fmedia&parent=9813"}],"wp:term":[{"taxonomy":"category","embeddable":true,"href":"https:\/\/archivio.comune.potenza.it\/index.php?rest_route=%2Fwp%2Fv2%2Fcategories&post=9813"},{"taxonomy":"post_tag","embeddable":true,"href":"https:\/\/archivio.comune.potenza.it\/index.php?rest_route=%2Fwp%2Fv2%2Ftags&post=9813"}],"curies":[{"name":"wp","href":"https:\/\/api.w.org\/{rel}","templated":true}]}}