{"id":9817,"date":"2014-08-28T11:11:50","date_gmt":"2014-08-28T09:11:50","guid":{"rendered":"http:\/\/archivio.comune.potenza.it\/comune_wp\/?p=9817"},"modified":"2014-08-28T11:11:50","modified_gmt":"2014-08-28T09:11:50","slug":"gianpaolo-carretta-partito-democratico-considerazioni-sullo-staff-del-sindaco","status":"publish","type":"post","link":"https:\/\/archivio.comune.potenza.it\/?p=9817","title":{"rendered":"Gianpaolo Carretta (Partito Democratico): Considerazioni sullo staff del Sindaco"},"content":{"rendered":"<p>Come denunciato in tempi non sospetti prendiamo atto, pur non avendo partecipato al Consiglio comunale nel quale \u00e8 stata ratificata la surroga con altro consigliere, della nomina di Rocco Coviello a componente dello Staff del Sindaco. Fermo restando le potest\u00e0 e le scelte discrezionali del Primo Cittadino, che comunque non condividiamo nella sostanza, siamo esterrefatti che si venga meno al mandato popolare attraverso il quale si \u00e8 chiesto il consenso per governare politicamente la citt\u00e0 e poi lo si tradisca dimettendosi per assumere una carica differente a titolo oneroso. Ma la cosa che pi\u00f9 ci preoccupa e che avevamo tempestivamente denunciato all\u2019atto della formazione di questa Giunta \u00e8 la connotazione partitica di estrema destra sia con la nomina del vice sindaco e degli assessori politici che del proprio staff che il Sindaco ha voluto oggettivamente trasmettere alla comunit\u00e0. Tale scelta trova la sua conferma nelle dichiarazioni del consigliere regionale Rosa, esponente di primo piano dell\u2019estrema destra lucana in Consiglio regionale, che si consuma in difese di ufficio di questa Amministrazione comunale quando storicamente non ha mai proposto o perorato provvedimenti strategici per la citt\u00e0 di Potenza che le attribuissero da un punto di vista istituzionale ed economico il vero ruolo di citt\u00e0 erogatrice di servizi di qualit\u00e0 a servizio dell\u2019intera comunit\u00e0 regionale.<\/p>\n<p>E\u2019 chiaro ed evidente che il Centro sinistra ed il Pd in modo particolare non potranno avere nessun atteggiamento di sterile collaborazionismo con una Amministrazione collocata partiticamente all\u2019estrema destra e di cui non abbiamo condiviso e non condividiamo progetti e scelte. Continueremo ad avere in maniera chiara, limpida e trasparente esclusivamente un atteggiamento di grande responsabilit\u00e0 su quei provvedimenti che riterremo strategici per la citt\u00e0 e che ahim\u00e8 cominciamo a temere che mai saranno proposti nei termini da noi auspicati. \u00a0<\/p>\n","protected":false},"excerpt":{"rendered":"<p>Come denunciato in tempi non sospetti prendiamo atto, pur non avendo partecipato al Consiglio comunale nel quale \u00e8 stata ratificata la surroga con altro consigliere, &#8230; <\/p>\n","protected":false},"author":1,"featured_media":0,"comment_status":"closed","ping_status":"closed","sticky":false,"template":"single-sidebar.php","format":"standard","meta":{"footnotes":""},"categories":[384],"tags":[],"class_list":["post-9817","post","type-post","status-publish","format-standard","hentry","category-c243-comunicati-stampa-dei-consiglieri-243"],"_links":{"self":[{"href":"https:\/\/archivio.comune.potenza.it\/index.php?rest_route=\/wp\/v2\/posts\/9817"}],"collection":[{"href":"https:\/\/archivio.comune.potenza.it\/index.php?rest_route=\/wp\/v2\/posts"}],"about":[{"href":"https:\/\/archivio.comune.potenza.it\/index.php?rest_route=\/wp\/v2\/types\/post"}],"author":[{"embeddable":true,"href":"https:\/\/archivio.comune.potenza.it\/index.php?rest_route=\/wp\/v2\/users\/1"}],"replies":[{"embeddable":true,"href":"https:\/\/archivio.comune.potenza.it\/index.php?rest_route=%2Fwp%2Fv2%2Fcomments&post=9817"}],"version-history":[{"count":0,"href":"https:\/\/archivio.comune.potenza.it\/index.php?rest_route=\/wp\/v2\/posts\/9817\/revisions"}],"wp:attachment":[{"href":"https:\/\/archivio.comune.potenza.it\/index.php?rest_route=%2Fwp%2Fv2%2Fmedia&parent=9817"}],"wp:term":[{"taxonomy":"category","embeddable":true,"href":"https:\/\/archivio.comune.potenza.it\/index.php?rest_route=%2Fwp%2Fv2%2Fcategories&post=9817"},{"taxonomy":"post_tag","embeddable":true,"href":"https:\/\/archivio.comune.potenza.it\/index.php?rest_route=%2Fwp%2Fv2%2Ftags&post=9817"}],"curies":[{"name":"wp","href":"https:\/\/api.w.org\/{rel}","templated":true}]}}