{"id":9826,"date":"2014-08-28T17:40:15","date_gmt":"2014-08-28T15:40:15","guid":{"rendered":"http:\/\/archivio.comune.potenza.it\/comune_wp\/?p=9826"},"modified":"2014-08-28T17:40:15","modified_gmt":"2014-08-28T15:40:15","slug":"pietro-campagna-centro-democratico-precisazioni-su-staff-del-sindaco-ed-assunzione-vigili-urbani","status":"publish","type":"post","link":"https:\/\/archivio.comune.potenza.it\/?p=9826","title":{"rendered":"Pietro Campagna (Centro Democratico): Precisazioni su staff del Sindaco ed assunzione Vigili Urbani"},"content":{"rendered":"<p class=\"Corpo\">Nella seduta del 27 agosto, il Consiglio Comunale di Potenza ha approvato come primo punto all&#8217;ordine del giorno la surroga del dimissionario Consigliere Comunale Rocco Coviello con l&#8217;avv. Giuseppe Giuzio,\u00a0 primo dei non eletti nella lista del movimento politico di cui sono entrambi espressione.<\/p>\n<p class=\"Corpo\">In merito a tale delibera, pur non avendo assolutamente nulla da eccepire sia sotto il profilo formale che sostanziale, trattandosi di un atto dovuto, ho espresso il netto dissenso politico del Centro Democratico per le motivazioni che hanno portato alle dimissioni di Rocco Coviello, <strong><em>assunto<\/em><\/strong> presso il Comune di Potenza quale componente dello staff del Sindaco.<\/p>\n<p class=\"Corpo\">Nulla di personale nei confronti di Rocco Coviello, che ho rispettato\u00a0 ed apprezzato per la sua attivit\u00e0 di consigliere comunale di minoranza e con il quale si sono in questi anni sviluppati rapporti amichevoli; nulla da ridire sulla costituzione dell&#8217;ufficio di staff del Sindaco che, per diretta esperienza, ritengo assolutamente indispensabile per i tanti impegni ai quali il sindaco di una citt\u00e0 capoluogo di regione, peraltro nella difficile situazione nella quale si trova l&#8217;Amministrazione Comunale di Potenza, e&#8217; chiamato a fare quotidianamente fronte, ne&#8217; ovviamente sulle scelte del Sindaco che ha il diritto di attorniarsi di collaboratori di sua fiducia.<\/p>\n<p class=\"Corpo\">Ci\u00f2 che, invece, non si pu\u00f2\u00a0 assolutamente condividere ne&#8217; passare sotto silenzio e&#8217; la circostanza veramente singolare ed estremamente criticabile che un consigliere comunale, che si \u00e8 candidato ed \u00e8 stato eletto, anche con ampio suffragio, per svolgere funzioni di rappresentanza democratica, si dimetta non gi\u00e0 per motivi personali, familiari, di salute, lavorativi, etc.etc., che sarebbero tutti ineccepibili ed insindacabili, ma pi\u00f9 semplicemente per essere assunto, per chiamata diretta, nello stesso ente nel quale i suoi elettori lo hanno delegato a svolgere funzioni di rappresentanza democratica.<\/p>\n<p class=\"Corpo\">Se questo e&#8217; il rigore, la trasparenza, la meritocrazia di cui la destra si \u00e8 fatta garante in campagna elettorale, non oso nemmeno immaginare quali e quanti danni questa Amministrazione riuscir\u00e0 a produrre alla nostra Citt\u00e0!!!!!<\/p>\n<p class=\"Corpo\">Leggo oggi sui quotidiani locali alcune dichiarazioni del Consigliere Regionale Rosa che, pur di tentare di giustificare l&#8217;operato della sua parte politica (che si \u00e8 per l&#8217;appunto proposta come il &#8220;nuovo&#8221;), discredita la legittima azione amministrativa portata avanti dal sottoscritto nella breve parentesi in cui ha svolto le funzioni di Sindaco della Citt\u00e0 di Potenza.<\/p>\n<p class=\"Corpo\">La cosa che trovo ovviamente ancor pi\u00f9 preoccupante e&#8217; che tali dichiarazioni incontrino anche il &#8220;favore&#8221; di certa stampa che prima di scrivere non ritiene nemmeno di fare un minimo di accertamenti presso le fonti ufficiali per verificare l&#8217;iter, i tempi e la natura dei provvedimenti adottati.<\/p>\n<p class=\"Corpo\">Ho gi\u00e0 avuto modo di evidenziare a suo tempo che quei provvedimenti sono stati adottati dalla Giunta Comunale che ho avuto l&#8217;onore di presiedere per garantire la necessaria continuit\u00e0 amministrativa, in un periodo peraltro molto delicato quale quello elettorale, e che se non adottati avrebbero esposto l&#8217;Amministrazione a pesanti conseguenze e consegnato allo stesso Sindaco De Luca una Citt\u00e0 in pieno e totale caos.<\/p>\n<p class=\"Corpo\">Circa l&#8217;assunzione presso il Comune di Potenza degli ultimi cinque vigili urbani, e&#8217; bene ancora una volta precisare che, stante la perdurante e direi cronica carenza di personale (ad oggi ancora di otto unit\u00e0) del Corpo di Polizia Municipale, la Giunta Comunale bene ha fatto con la deliberazione n. 39 del 10 marzo 2014 (!!!!!), una volta definita la spesa complessiva del personale per l&#8217;anno 2013,\u00a0\u00a0 a rideterminare il programma triennale del fabbisogno del personale per il periodo 2013\/2015, autorizzando la competente Unit\u00e0 di Direzione alla <strong><em>prosecuzione <\/em><\/strong>di diverse procedure concorsuali ed &#8220;all&#8217;assunzione di n. 5 (cinque) istruttori di vigilanza con decorrenza <strong><em>1 aprile 2014<\/em><\/strong>(!!!!), mediante scorrimento della relativa graduatoria di merito approvata con determinazione n. 135\/R.U. del 31 ottobre 2012&#8243;, assunzioni anch&#8217;esse gi\u00e0 previste per il 2013 ma che sono slittate dato che il bilancio di previsione del 2013 \u00e8 stato, com&#8217;\u00e8 noto, approvato solo il 9 dicembre 2013.<\/p>\n<p class=\"Corpo\">Cosa c&#8217;entra, quindi, il Sindaco facente funzioni Pietro Campagna con programmi e procedure gi\u00e0 previste, legittimamente ed opportunamente, molti mesi prima del suo subentro a Vito Santarsiero?????<\/p>\n<p class=\"Corpo\">Qualcuno vuole tentare di spiegarlo al Consigliere Regionale Rosa ed a quella stampa che &#8220;pende&#8221; evidentemente dalle sue labbra????<\/p>\n<p class=\"Corpo\">E qualcuno vuole tentare di spiegare sempre agli stessi soggetti di cui sopra ed a quanti ancora gli danno credito che c&#8217;\u00e8 comunque una bella differenza tra assunzioni conseguenti all&#8217;espletamento di una regolare procedura concorsuale pubblica e quella per <strong><em>chiamata diretta <\/em><\/strong>operata dal Sindaco De Luca nei confronti del Consigliere Comunale Rocco Coviello, dimessosi proprio per essere <strong><em>assunto <\/em><\/strong>presso il Comune di Potenza, ovviamente senza nessuna procedura concorsuale\u00a0\u00a0\u00a0 e\/o selettiva?????<\/p>\n<p>Oppure queste pratiche sono scandalose quando a farle e&#8217; il centro &#8211; sinistra e diventano, invece, perfettamente legittime quando le fanno i &#8220;fratelli d&#8217;Italia&#8221;?????<\/p>\n","protected":false},"excerpt":{"rendered":"<p>Nella seduta del 27 agosto, il Consiglio Comunale di Potenza ha approvato come primo punto all&#8217;ordine del giorno la surroga del dimissionario Consigliere Comunale Rocco &#8230; <\/p>\n","protected":false},"author":1,"featured_media":0,"comment_status":"closed","ping_status":"closed","sticky":false,"template":"single-sidebar.php","format":"standard","meta":{"footnotes":""},"categories":[384],"tags":[],"class_list":["post-9826","post","type-post","status-publish","format-standard","hentry","category-c243-comunicati-stampa-dei-consiglieri-243"],"_links":{"self":[{"href":"https:\/\/archivio.comune.potenza.it\/index.php?rest_route=\/wp\/v2\/posts\/9826"}],"collection":[{"href":"https:\/\/archivio.comune.potenza.it\/index.php?rest_route=\/wp\/v2\/posts"}],"about":[{"href":"https:\/\/archivio.comune.potenza.it\/index.php?rest_route=\/wp\/v2\/types\/post"}],"author":[{"embeddable":true,"href":"https:\/\/archivio.comune.potenza.it\/index.php?rest_route=\/wp\/v2\/users\/1"}],"replies":[{"embeddable":true,"href":"https:\/\/archivio.comune.potenza.it\/index.php?rest_route=%2Fwp%2Fv2%2Fcomments&post=9826"}],"version-history":[{"count":0,"href":"https:\/\/archivio.comune.potenza.it\/index.php?rest_route=\/wp\/v2\/posts\/9826\/revisions"}],"wp:attachment":[{"href":"https:\/\/archivio.comune.potenza.it\/index.php?rest_route=%2Fwp%2Fv2%2Fmedia&parent=9826"}],"wp:term":[{"taxonomy":"category","embeddable":true,"href":"https:\/\/archivio.comune.potenza.it\/index.php?rest_route=%2Fwp%2Fv2%2Fcategories&post=9826"},{"taxonomy":"post_tag","embeddable":true,"href":"https:\/\/archivio.comune.potenza.it\/index.php?rest_route=%2Fwp%2Fv2%2Ftags&post=9826"}],"curies":[{"name":"wp","href":"https:\/\/api.w.org\/{rel}","templated":true}]}}