{"id":9827,"date":"2014-08-28T17:42:16","date_gmt":"2014-08-28T15:42:16","guid":{"rendered":"http:\/\/archivio.comune.potenza.it\/comune_wp\/?p=9827"},"modified":"2014-08-28T17:42:16","modified_gmt":"2014-08-28T15:42:16","slug":"giampiero-iudicello-partito-democratico-apertura-anticipata-degli-asili-nido","status":"publish","type":"post","link":"https:\/\/archivio.comune.potenza.it\/?p=9827","title":{"rendered":"Giampiero Iudicello (Partito Democratico): Apertura anticipata degli Asili Nido"},"content":{"rendered":"<p>Apprendiamo con soddisfazione la notizia dell&#8217;apertura degli asili nido nel comune di Potenza a partire dal primo settembre, cos\u00ec afferma il Capogruppo del Partito Democratico Giampiero Iudicello.<\/p>\n<p>La decisione, comunicata anche a mezzo stampa dall&#8217;Amministrazione di aprire gli asili solo a partire dal 15 settembre, ha stimolato l&#8217;iniziativa delle forze di centro sinistra che si sono attivate contestando la decisione e fornendo un decisivo supporto all&#8217;Amministrazione per la risoluzione di un problema ritenuto prioritario.<\/p>\n<p>Nella visione di citt\u00e0 del Partito Democratico, continua Iudicello, i servizi che migliorano la qualit\u00e0 della vita dei cittadini come gli asili nido, le mense scolastiche, la razionalizzazione e l&#8217;efficiantamento del trasporto pubblico, un sistema di raccolta e smaltimento dei rifiuti che ponga la citt\u00e0 di Potenza in linea con gli standard dei comuni pi\u00f9 efficienti, devono costituire gli assi portanti dell&#8217;azione amministrativa, non a parole, ma nei fatti. Non \u00e8 certo nei settori che riguardano il welfare e il sociale che vanno individuati sprechi o concentrati tagli ai gi\u00e0 scarsi finanziamenti; si deve invece cercare, nei limiti del possibile, di potenziare questi servizi.<\/p>\n<p>Auspichiamo pertanto che l&#8217;amministrazione persegua queste linee cambiando rotta rispetto agli inizi che non ci sembrano dei migliori.<\/p>\n<p>\u00a0<\/p>\n","protected":false},"excerpt":{"rendered":"<p>Apprendiamo con soddisfazione la notizia dell&#8217;apertura degli asili nido nel comune di Potenza a partire dal primo settembre, cos\u00ec afferma il Capogruppo del Partito Democratico &#8230; <\/p>\n","protected":false},"author":1,"featured_media":0,"comment_status":"closed","ping_status":"closed","sticky":false,"template":"single-sidebar.php","format":"standard","meta":{"footnotes":""},"categories":[384],"tags":[],"class_list":["post-9827","post","type-post","status-publish","format-standard","hentry","category-c243-comunicati-stampa-dei-consiglieri-243"],"_links":{"self":[{"href":"https:\/\/archivio.comune.potenza.it\/index.php?rest_route=\/wp\/v2\/posts\/9827"}],"collection":[{"href":"https:\/\/archivio.comune.potenza.it\/index.php?rest_route=\/wp\/v2\/posts"}],"about":[{"href":"https:\/\/archivio.comune.potenza.it\/index.php?rest_route=\/wp\/v2\/types\/post"}],"author":[{"embeddable":true,"href":"https:\/\/archivio.comune.potenza.it\/index.php?rest_route=\/wp\/v2\/users\/1"}],"replies":[{"embeddable":true,"href":"https:\/\/archivio.comune.potenza.it\/index.php?rest_route=%2Fwp%2Fv2%2Fcomments&post=9827"}],"version-history":[{"count":0,"href":"https:\/\/archivio.comune.potenza.it\/index.php?rest_route=\/wp\/v2\/posts\/9827\/revisions"}],"wp:attachment":[{"href":"https:\/\/archivio.comune.potenza.it\/index.php?rest_route=%2Fwp%2Fv2%2Fmedia&parent=9827"}],"wp:term":[{"taxonomy":"category","embeddable":true,"href":"https:\/\/archivio.comune.potenza.it\/index.php?rest_route=%2Fwp%2Fv2%2Fcategories&post=9827"},{"taxonomy":"post_tag","embeddable":true,"href":"https:\/\/archivio.comune.potenza.it\/index.php?rest_route=%2Fwp%2Fv2%2Ftags&post=9827"}],"curies":[{"name":"wp","href":"https:\/\/api.w.org\/{rel}","templated":true}]}}