{"id":9830,"date":"2014-08-28T18:32:41","date_gmt":"2014-08-28T16:32:41","guid":{"rendered":"http:\/\/archivio.comune.potenza.it\/comune_wp\/?p=9830"},"modified":"2014-08-28T18:32:41","modified_gmt":"2014-08-28T16:32:41","slug":"donatella-cutro-e-donato-pace-socialist-democrats-apertura-anticipata-degli-asili-nido","status":"publish","type":"post","link":"https:\/\/archivio.comune.potenza.it\/?p=9830","title":{"rendered":"Donatella Cutro e Donato Pace (Socialist &#038; Democrats): Apertura anticipata degli Asili Nido"},"content":{"rendered":"<p><span>&#8220;<\/span><span>L\u2019aver garantito la riapertura degli asili nido\u00a0<\/span><a href=\"x-apple-data-detectors:\/\/0\">il 1 settembre<\/a><span>, grazie al pronto intervento del nostro governatore Marcello Pittella, \u00e8 un&#8217;azione concreta che mostra quanto sia importante la collaborazione tra Regione e Comuni in un momento cos\u00ec delicato dove a farne le spese, e ad esser interessate dai tagli, sono quasi sempre le parti pi\u00f9 deboli. La volont\u00e0, da parte della Regione, di farsi carico del problema, nonostante le tante pendenze e problemi, \u00e8 un grande gesto di attenzione che pone al primo posto la persona, pi\u00f9 di ogni altra questione\u201d. \u00a0Questo il commento dei consiglieri comunali, Donatella Cutro e Donato Pace (Lista Socialist and Democrats), dopo\u00a0l\u2019accordo raggiunto ieri in merito alla questione asili nido la cui apertura era stata posticipata al\u00a0<\/span><a href=\"x-apple-data-detectors:\/\/1\">15 settembre<\/a><span>.<\/span><span>E\u2019 risaputo \u2013 affermano Pace e Cutro &#8211; \u00a0che i costi sociali di una mancata conciliazione famiglia\/lavoro sono rilevanti e pesano, sempre di pi\u00f9, sui genitori che il pi\u00f9 delle volte riconoscono purtroppo il vero welfare solo in parenti o amici e non nelle istituzioni\u201d. \u201cE\u2019 necessario \u2013 aggiungono i consiglieri comunali \u2013 non soffermarsi solo su questioni temporali, come riapertura e chiusura, ma individuare, \u00a0soprattutto e nel breve tempo, soluzioni che agevolino equilibrio tra tempi di vita e di lavoro per le donne e gli uomini.<\/span><span>In questo il Comune \u00a0&#8211; concludono Pace e Cutro- pu\u00f2 tanto agevolando e promuovendo l\u2019implementazione di servizi per l\u2019infanzia coinvolgendo i privati nell&#8217;ottica di spendig rewiew. Ad esempio l&#8217;apertura di pi\u00f9 punti ludici per le madri lavoratrici, anche in periodi estivi, attraverso l\u2019abbattimento di costi e snellimento delle procedure amministrative. Molto pu\u00f2 anche l\u2019introduzione del bilancio di genere che valuta, in ottica di genere, le scelte politiche e gli impegni economico-finanziari di un\u2019amministrazione. C\u2019\u00e8 solo da rimboccarsi le maniche agendo di pi\u00f9 e parlando di meno\u201d.<\/span><\/p>\n<div class=\"attachmentsContainer\">\u00a0<\/div>\n<div class=\"cmp_buttons_container\">\u00a0<\/div>\n","protected":false},"excerpt":{"rendered":"<p>&#8220;L\u2019aver garantito la riapertura degli asili nido\u00a0il 1 settembre, grazie al pronto intervento del nostro governatore Marcello Pittella, \u00e8 un&#8217;azione concreta che mostra quanto sia &#8230; <\/p>\n","protected":false},"author":1,"featured_media":0,"comment_status":"closed","ping_status":"closed","sticky":false,"template":"single-sidebar.php","format":"standard","meta":{"footnotes":""},"categories":[384],"tags":[],"class_list":["post-9830","post","type-post","status-publish","format-standard","hentry","category-c243-comunicati-stampa-dei-consiglieri-243"],"_links":{"self":[{"href":"https:\/\/archivio.comune.potenza.it\/index.php?rest_route=\/wp\/v2\/posts\/9830"}],"collection":[{"href":"https:\/\/archivio.comune.potenza.it\/index.php?rest_route=\/wp\/v2\/posts"}],"about":[{"href":"https:\/\/archivio.comune.potenza.it\/index.php?rest_route=\/wp\/v2\/types\/post"}],"author":[{"embeddable":true,"href":"https:\/\/archivio.comune.potenza.it\/index.php?rest_route=\/wp\/v2\/users\/1"}],"replies":[{"embeddable":true,"href":"https:\/\/archivio.comune.potenza.it\/index.php?rest_route=%2Fwp%2Fv2%2Fcomments&post=9830"}],"version-history":[{"count":0,"href":"https:\/\/archivio.comune.potenza.it\/index.php?rest_route=\/wp\/v2\/posts\/9830\/revisions"}],"wp:attachment":[{"href":"https:\/\/archivio.comune.potenza.it\/index.php?rest_route=%2Fwp%2Fv2%2Fmedia&parent=9830"}],"wp:term":[{"taxonomy":"category","embeddable":true,"href":"https:\/\/archivio.comune.potenza.it\/index.php?rest_route=%2Fwp%2Fv2%2Fcategories&post=9830"},{"taxonomy":"post_tag","embeddable":true,"href":"https:\/\/archivio.comune.potenza.it\/index.php?rest_route=%2Fwp%2Fv2%2Ftags&post=9830"}],"curies":[{"name":"wp","href":"https:\/\/api.w.org\/{rel}","templated":true}]}}