{"id":9836,"date":"2014-08-29T14:23:54","date_gmt":"2014-08-29T12:23:54","guid":{"rendered":"http:\/\/archivio.comune.potenza.it\/comune_wp\/?p=9836"},"modified":"2014-08-29T14:23:54","modified_gmt":"2014-08-29T12:23:54","slug":"giuseppe-giuzio-fratelli-d-italia-politica-e-stampa","status":"publish","type":"post","link":"https:\/\/archivio.comune.potenza.it\/?p=9836","title":{"rendered":"Giuseppe Giuzio (Fratelli d&#8217;Italia): Politica e stampa"},"content":{"rendered":"<p>L&#8217;attacco che in questi giorni la stampa sta riservando alla giunta De Luca rasenta il limite della diffamazione ed &#8220;Il commento&#8221; di Lucia Serino su &#8220;Il Quotidiano del sud&#8221; del 27.8.2014 intitolato &#8220;il solito blitz alla Kappler&#8221; per toni e contenuti lascia spazio a non poche riflessioni per chi crede che la stampa debba avere un ruolo &#8220;super partes&#8221;.<br \/>Il condirettore per la Basilicata de &#8220;il Quotidiano del sud&#8221;, stranamente, considerata la solita sobriet\u00e0 che la contraddistingue, sembra, in questo caso, svestirsi del suo ruolo ed assurgere, senza mezzi termini, a capo di partito, &#8220;chiamando all&#8217;ordine&#8221; i vertici del PD e quasi volendo incidere nelle scelte che spettano alla discrezionalit\u00e0 del Sindaco, dalla nomina dei componenti della giunta e dei collaboratori del suo staff, scelta, quest&#8217;ultima, che la legge definisce &#8220;intuitu personae&#8221;.<br \/>Il caso richiamato \u00e8 uno dei tanti che si notano sfogliando i quotidiani, leggendo i social netwoks e siti internet, dove si trovano con pi\u00f9 o meno intensit\u00e0 riflessioni e commenti che hanno dell&#8217;assurdo: esponenti dell&#8217;altro centro destra che inneggiano al ritorno di Santarsiero, dopo averlo per anni definito il peggio del peggio, il male assoluto; esponenti di minuscoli partiti che si pongono come salvatori della patria invocando le dimissioni del Sindaco De Luca, forse tacciato per aver fatto gi\u00e0 risparmiare 140.000,00 euro alle casse comunali!<br \/>Attacchi viscerali di chi forse non accetta che l&#8217;aria \u00e8 cambiata. <br \/>C&#8217;\u00e8 un consiglio giovane e vivace che rappresenta, per la prima volta, una generazione che fino a ieri era intenta a lavorare e non certo a dedicarsi alla politica.<br \/>Ci sono un sindaco e una giunta competenti e fattivi in grado gi\u00e0 da subito di evidenziare problemi e proporre soluzioni.<br \/>Potenza ha bisogno di continuit\u00e0 e lavoro non di inutili ed infondate polemiche, soprattutto, da parte di chi per anni ha assistito silente e\/o contribuito direttamente ad affondare la citt\u00e0 capoluogo definita la pi\u00f9 tristi d&#8217;Italia.<br \/>Molte &#8220;querelle&#8221;, comunque, sembrano essere alimentate ad arte e sulla nomina di Rocco Coviello nello staff del sindaco si \u00e8 raggiunto l&#8217;apice.<br \/>A prescindere dal merito della questione trattata, su cui si pu\u00f2 essere pi\u00f9 o meno d&#8217;accordo e dal caso specifico sopra richiamato (il commento del condirettore de il Quotidiano), frutto probabilmente di un impeto di partecipazione, i lucani hanno diritto ad avere una stampa libera ed imparziale che possa raccontare con passione disinteressata i fatti che riguardano la nostra terra.<br \/>Auspico, pertanto, una seria riflessione sull&#8217;importanza di avere un&#8217;informazione che non sia stampella di questa o quella parte politica, evitando, per citare A.J. Liebling, che &#8220;La libert\u00e0 di stampa sia garantita solo a coloro che ne possiedono una&#8221;.<\/p>\n","protected":false},"excerpt":{"rendered":"<p>L&#8217;attacco che in questi giorni la stampa sta riservando alla giunta De Luca rasenta il limite della diffamazione ed &#8220;Il commento&#8221; di Lucia Serino su &#8230; <\/p>\n","protected":false},"author":1,"featured_media":0,"comment_status":"closed","ping_status":"closed","sticky":false,"template":"single-sidebar.php","format":"standard","meta":{"footnotes":""},"categories":[384],"tags":[],"class_list":["post-9836","post","type-post","status-publish","format-standard","hentry","category-c243-comunicati-stampa-dei-consiglieri-243"],"_links":{"self":[{"href":"https:\/\/archivio.comune.potenza.it\/index.php?rest_route=\/wp\/v2\/posts\/9836"}],"collection":[{"href":"https:\/\/archivio.comune.potenza.it\/index.php?rest_route=\/wp\/v2\/posts"}],"about":[{"href":"https:\/\/archivio.comune.potenza.it\/index.php?rest_route=\/wp\/v2\/types\/post"}],"author":[{"embeddable":true,"href":"https:\/\/archivio.comune.potenza.it\/index.php?rest_route=\/wp\/v2\/users\/1"}],"replies":[{"embeddable":true,"href":"https:\/\/archivio.comune.potenza.it\/index.php?rest_route=%2Fwp%2Fv2%2Fcomments&post=9836"}],"version-history":[{"count":0,"href":"https:\/\/archivio.comune.potenza.it\/index.php?rest_route=\/wp\/v2\/posts\/9836\/revisions"}],"wp:attachment":[{"href":"https:\/\/archivio.comune.potenza.it\/index.php?rest_route=%2Fwp%2Fv2%2Fmedia&parent=9836"}],"wp:term":[{"taxonomy":"category","embeddable":true,"href":"https:\/\/archivio.comune.potenza.it\/index.php?rest_route=%2Fwp%2Fv2%2Fcategories&post=9836"},{"taxonomy":"post_tag","embeddable":true,"href":"https:\/\/archivio.comune.potenza.it\/index.php?rest_route=%2Fwp%2Fv2%2Ftags&post=9836"}],"curies":[{"name":"wp","href":"https:\/\/api.w.org\/{rel}","templated":true}]}}