{"id":9870,"date":"2014-09-05T10:25:47","date_gmt":"2014-09-05T08:25:47","guid":{"rendered":"http:\/\/archivio.comune.potenza.it\/comune_wp\/?p=9870"},"modified":"2014-09-05T10:25:47","modified_gmt":"2014-09-05T08:25:47","slug":"giuseppe-giuzio-fratelli-d-italia-per-quartieri-e-contrade-iniziative-volte-al-dialogo-e-confronto-incontro-con-i-cittadini","status":"publish","type":"post","link":"https:\/\/archivio.comune.potenza.it\/?p=9870","title":{"rendered":"Giuseppe Giuzio (Fratelli d&#8217;Italia): &#8220;Per Quartieri e Contrade&#8221;. Iniziative volte al dialogo e confronto-incontro con i cittadini."},"content":{"rendered":"<p>&#8220;Per Quartieri e Contrade&#8221;. Iniziative volte al dialogo e confronto-incontro con i cittadini.<\/p>\n<p>Parlare in questo momento storico di politica \u00e8 gi\u00e0 di per s\u00e9 difficile, impegnarsi in tale Arte \u00e8 qualcosa che pu\u00f2 apparire pazzesco.<br \/>In un contesto dove la crisi mette da parte i valori &#8220;scendere in politica&#8221; diventa esercizio di estrema incoscienza ma va fatto perch\u00e9 \u00e8 giusto dare qualcosa per il bene comune.<br \/>Impegnarsi per la propria comunit\u00e0, per la propria gente mettendo a disposizione esperienza e professionalit\u00e0 \u00e8 essenziale per contribuire al benessere della collettivit\u00e0.<br \/>Questa idea mi ha spinto e mi motiva nel mio impegno per la &#8220;cosa pubblica&#8221;.<br \/>Proprio nell&#8217;ottica di svolgere il mandato consiliare in modo partecipato e con la costante presenza tra la gente, si metteranno in campo una serie di iniziative volte ad incontrare ed ascoltare i cittadini e le associazioni presenti sul territorio al fine di valutare le problematicit\u00e0 dei rioni e delle contrade di Potenza, definirne strategie atte a individuare priorit\u00e0 e modalit\u00e0 di intervento, anche in base all&#8217;esaltazione del c.d. principio di sussidiariet\u00e0 orizzontale, valutando la delega di determinate attivit\u00e0 ai cittadini stessi, magari in forma associativa e volontaristica.<br \/>Inoltre tutti i gioved\u00ec pomeriggio, dalle ore 16 alle ore 18, sar\u00f2 stabilmente a disposizione &#8211; di chi vorr\u00e0 incontrarmi &#8211; presso il Gruppo di Fratelli D&#8217;Italia ubicato al Palazzo del Consiglio Comunale (tel. 0971 415062) in piazza Matteotti.<br \/>Si inizia il 10 settembre ore 17.30 incontrando i cittadini, associazioni e comitato di quartiere di Macchia Romana.<\/p>\n","protected":false},"excerpt":{"rendered":"<p>&#8220;Per Quartieri e Contrade&#8221;. Iniziative volte al dialogo e confronto-incontro con i cittadini. Parlare in questo momento storico di politica \u00e8 gi\u00e0 di per s\u00e9 &#8230; <\/p>\n","protected":false},"author":1,"featured_media":0,"comment_status":"closed","ping_status":"closed","sticky":false,"template":"single-sidebar.php","format":"standard","meta":{"footnotes":""},"categories":[384],"tags":[],"class_list":["post-9870","post","type-post","status-publish","format-standard","hentry","category-c243-comunicati-stampa-dei-consiglieri-243"],"_links":{"self":[{"href":"https:\/\/archivio.comune.potenza.it\/index.php?rest_route=\/wp\/v2\/posts\/9870"}],"collection":[{"href":"https:\/\/archivio.comune.potenza.it\/index.php?rest_route=\/wp\/v2\/posts"}],"about":[{"href":"https:\/\/archivio.comune.potenza.it\/index.php?rest_route=\/wp\/v2\/types\/post"}],"author":[{"embeddable":true,"href":"https:\/\/archivio.comune.potenza.it\/index.php?rest_route=\/wp\/v2\/users\/1"}],"replies":[{"embeddable":true,"href":"https:\/\/archivio.comune.potenza.it\/index.php?rest_route=%2Fwp%2Fv2%2Fcomments&post=9870"}],"version-history":[{"count":0,"href":"https:\/\/archivio.comune.potenza.it\/index.php?rest_route=\/wp\/v2\/posts\/9870\/revisions"}],"wp:attachment":[{"href":"https:\/\/archivio.comune.potenza.it\/index.php?rest_route=%2Fwp%2Fv2%2Fmedia&parent=9870"}],"wp:term":[{"taxonomy":"category","embeddable":true,"href":"https:\/\/archivio.comune.potenza.it\/index.php?rest_route=%2Fwp%2Fv2%2Fcategories&post=9870"},{"taxonomy":"post_tag","embeddable":true,"href":"https:\/\/archivio.comune.potenza.it\/index.php?rest_route=%2Fwp%2Fv2%2Ftags&post=9870"}],"curies":[{"name":"wp","href":"https:\/\/api.w.org\/{rel}","templated":true}]}}