{"id":9877,"date":"2014-09-06T09:43:43","date_gmt":"2014-09-06T07:43:43","guid":{"rendered":"http:\/\/archivio.comune.potenza.it\/comune_wp\/?p=9877"},"modified":"2014-09-06T09:43:43","modified_gmt":"2014-09-06T07:43:43","slug":"donatella-cutro-socialist-democrats-attivita-della-v-commissione-in-materia-di-programmazione","status":"publish","type":"post","link":"https:\/\/archivio.comune.potenza.it\/?p=9877","title":{"rendered":"Donatella Cutro (Socialist &#038; Democrats): Attivit\u00e0 della V^ Commissione in materia di programmazione"},"content":{"rendered":"<p><span>\u201cE\u2019 stato ascoltato in pi\u00f9 fasi, a partire dal primo agosto e in V Commissione, l\u2019Asssessore alla Programmazione e all\u2019Agenda Urbana, Leonardo Cuoco, per iniziare un percorso di approfondimento inerente la programmazione in capo al Comune di Potenza \u201d. A renderlo noto il consigliere comunale Donatella Cutro, lista Socialist &amp;Democrats e presidente della V Commissione .\u201cUn confronto col passato \u2013 continua Cutro &#8211; che ha fatto emergere criticit\u00e0 rilevanti, come la totale assenza di una struttura tecnico-amministrativa delegata alla programmazione, solo ora in fase di strutturazione e realizzazione dopo l\u2019ultimo incontro con l\u2019Assessore Cuoco. E\u2019 , inoltre, la necessit\u00e0 di riordinare, entro il 30 settembre, il modello organizzativo del Comune inserendo 9 UD (unit\u00e0 di direzione) specificamente legate alle materie delle singole Commissioni Consiliari, e per quanto possibile, in linea con le materie in capo agli assessori\u201d<\/span><span>.<\/span><span>\u201cPotenza \u2013 sottolinea il consigliere &#8211; necessita di riappropriarsi del ruolo di citt\u00e0 capoluogo. Una citt\u00e0 funzionale che inizi ad utilizzare le opportunit\u00e0 europee, attraverso i fondi strutturali, e ad aprirsi a tutta la regione e a quelle limitrofe. Per raggiungere questi obiettivi, gli organi politici, Giunta e Consiglio Comunale, devono sinergicamente collaborare e condividere la costituzione di task force altamente specializzate per definire e fissare le line<\/span><span>e<\/span><span> necessarie per i programmi complessi: Agenda Urbana, programma Sblocca Potenza, Pisus\u201d . \u201cE proprio a proposito dei Pisus \u2013 aggiunge Cutro- riconfigurati in Accordo di Programma Quadro Piano di Sviluppo e Coesione della citt\u00e0 di Potenza, vanno recuperate tutte le risorse finanziarie, 26 milioni di euro, dedicate a progetti, in parte gi\u00e0 espletati, altri da espletare e rimodulare\u201d <\/span><span>.<\/span><span> \u201cIn qualit\u00e0 di presidente della V Commissione \u2013 conclude Cutro \u2013 sono orgogliosa di esser portavoce di volont\u00e0 unanime da parte dei colleghi consiglieri nel partecipare e voler condividere i passi successivi della delicata attivit\u00e0 di programmazione, dalla quale non si pu\u00f2 prescindere. Se si vuole avere una visione proattiva e lungimirante bisogna passare attraverso una attenta e proficua programmazione\u201d<\/span><span>.<\/span><span>L\u2019appuntamento con l\u2019Assessore Leonardo Cuoco \u00e8 rimandato a fine mese per definire e approvare, in V commissione, il programma di rimodulazione del Piano di Sviluppo e Coesione, per poi sottoscrivere l\u2019Accordo di Part<\/span><span>e<\/span><span>neriato 2014-2020. Prende forma, in tal senso, anche la proposta di Agenda Urbana traducibile nel Documento strategico da stipulare con la Regione Basilicata.<\/span><\/p>\n","protected":false},"excerpt":{"rendered":"<p>\u201cE\u2019 stato ascoltato in pi\u00f9 fasi, a partire dal primo agosto e in V Commissione, l\u2019Asssessore alla Programmazione e all\u2019Agenda Urbana, Leonardo Cuoco, per iniziare &#8230; <\/p>\n","protected":false},"author":1,"featured_media":0,"comment_status":"closed","ping_status":"closed","sticky":false,"template":"single-sidebar.php","format":"standard","meta":{"footnotes":""},"categories":[384],"tags":[],"class_list":["post-9877","post","type-post","status-publish","format-standard","hentry","category-c243-comunicati-stampa-dei-consiglieri-243"],"_links":{"self":[{"href":"https:\/\/archivio.comune.potenza.it\/index.php?rest_route=\/wp\/v2\/posts\/9877"}],"collection":[{"href":"https:\/\/archivio.comune.potenza.it\/index.php?rest_route=\/wp\/v2\/posts"}],"about":[{"href":"https:\/\/archivio.comune.potenza.it\/index.php?rest_route=\/wp\/v2\/types\/post"}],"author":[{"embeddable":true,"href":"https:\/\/archivio.comune.potenza.it\/index.php?rest_route=\/wp\/v2\/users\/1"}],"replies":[{"embeddable":true,"href":"https:\/\/archivio.comune.potenza.it\/index.php?rest_route=%2Fwp%2Fv2%2Fcomments&post=9877"}],"version-history":[{"count":0,"href":"https:\/\/archivio.comune.potenza.it\/index.php?rest_route=\/wp\/v2\/posts\/9877\/revisions"}],"wp:attachment":[{"href":"https:\/\/archivio.comune.potenza.it\/index.php?rest_route=%2Fwp%2Fv2%2Fmedia&parent=9877"}],"wp:term":[{"taxonomy":"category","embeddable":true,"href":"https:\/\/archivio.comune.potenza.it\/index.php?rest_route=%2Fwp%2Fv2%2Fcategories&post=9877"},{"taxonomy":"post_tag","embeddable":true,"href":"https:\/\/archivio.comune.potenza.it\/index.php?rest_route=%2Fwp%2Fv2%2Ftags&post=9877"}],"curies":[{"name":"wp","href":"https:\/\/api.w.org\/{rel}","templated":true}]}}