{"id":9880,"date":"2014-09-06T13:30:59","date_gmt":"2014-09-06T11:30:59","guid":{"rendered":"http:\/\/archivio.comune.potenza.it\/comune_wp\/?p=9880"},"modified":"2014-09-06T13:30:59","modified_gmt":"2014-09-06T11:30:59","slug":"sergio-potenza-popolari-uniti-dichiarazione-del-sindaco-de-luca-e-situazione-politico-amministrativa-nella-citta-capoluogo","status":"publish","type":"post","link":"https:\/\/archivio.comune.potenza.it\/?p=9880","title":{"rendered":"Sergio Potenza (Popolari Uniti): Dichiarazione del Sindaco De Luca e situazione politico-amministrativa nella citta\u2019 capoluogo"},"content":{"rendered":"<p><span style=\"line-height: 1.3em;\">\u201cApprendiamo che il Sindaco della citt\u00e0 di Potenza, ing. Dario De Luca, dopo aver messo in campo una giunta con chiare connotazioni di destra, nonch\u00e9 svolto in questi mesi un\u2019attivit\u00e0 politico-amministrativa in piena solitudine, si sia finalmente reso conto della necessit\u00e0 di agire per il bene della comunit\u00e0 potentina\u201d. Questo \u00e8 quanto afferma il capogruppo dei\u00a0 Popolari uniti in Consiglio comunale Sergio Potenza.<\/span><\/p>\n<p>\u201cQuesto risveglio dopo mesi di torpore &#8211; prosegue Potenza &#8211;\u00a0 da un lato suscita attenzione, perch\u00e9 finalmente guarda agli interessi complessivi della comunit\u00e0, per\u00f2 dall\u2019altro sembra un\u2019altra modalit\u00e0 per prendere ancora tempo. La questione Potenza \u00e8 urgente e necessita di una soluzione immediata\u201d.<\/p>\n<p>\u201cLa visione di citt\u00e0, lo sviluppo della medesima, le iniziative da mettere in campo anche per la ripresa economica locale, le questioni relative al trasporto pubblico e all\u2019ACTA, le ventilate opportunit\u00e0 in tema di fondi di sviluppo e coesione nonch\u00e9 le risorse che potrebbero venire al capoluogo dal programma operativo regionale 2014-2020 &#8211; continua Potenza &#8211; richiedono un confronto <span style=\"text-decoration: underline;\">politico-programmatico<\/span> con tutte le forze del centro-sinistra, maggioranza consiliare, e non con i singoli pezzi come si \u00e8 proceduto in passato\u201d.<\/p>\n<p>\u201cIn questa nuova consiliatura &#8211; aggiunge Potenza &#8211; il rinnovato centro-sinistra ha agito con grande senso di responsabilit\u00e0 e sempre nell\u2019interesse della comunit\u00e0 potentina, per\u00f2 \u00e8 giunto il momento di fare chiarezza e di allargare la partecipazione e il dibattito. Tuttavia non \u00e8 possibile prescindere da convergenti punti programmatici e da una nuova partenza della giunta a guida De Luca\u201d.<\/p>\n<p>\u201cI Popolari uniti &#8211; continua Potenza \u2013 attendono, pertanto, l\u2019apertura ufficiale da parte del Sindaco De Luca di un tavolo di confronto; rigorosamente in tempi brevissimi, anche in ragione delle prossime scadenze\u201d.<\/p>\n<p>\u201cSe ci\u00f2 non dovesse verificarsi &#8211; conclude Potenza &#8211; le forze di centro-sinistra, purtroppo, non potranno che prenderne atto\u201d.<\/p>\n","protected":false},"excerpt":{"rendered":"<p>\u201cApprendiamo che il Sindaco della citt\u00e0 di Potenza, ing. Dario De Luca, dopo aver messo in campo una giunta con chiare connotazioni di destra, nonch\u00e9 &#8230; <\/p>\n","protected":false},"author":1,"featured_media":0,"comment_status":"closed","ping_status":"closed","sticky":false,"template":"single-sidebar.php","format":"standard","meta":{"footnotes":""},"categories":[384],"tags":[],"class_list":["post-9880","post","type-post","status-publish","format-standard","hentry","category-c243-comunicati-stampa-dei-consiglieri-243"],"_links":{"self":[{"href":"https:\/\/archivio.comune.potenza.it\/index.php?rest_route=\/wp\/v2\/posts\/9880"}],"collection":[{"href":"https:\/\/archivio.comune.potenza.it\/index.php?rest_route=\/wp\/v2\/posts"}],"about":[{"href":"https:\/\/archivio.comune.potenza.it\/index.php?rest_route=\/wp\/v2\/types\/post"}],"author":[{"embeddable":true,"href":"https:\/\/archivio.comune.potenza.it\/index.php?rest_route=\/wp\/v2\/users\/1"}],"replies":[{"embeddable":true,"href":"https:\/\/archivio.comune.potenza.it\/index.php?rest_route=%2Fwp%2Fv2%2Fcomments&post=9880"}],"version-history":[{"count":0,"href":"https:\/\/archivio.comune.potenza.it\/index.php?rest_route=\/wp\/v2\/posts\/9880\/revisions"}],"wp:attachment":[{"href":"https:\/\/archivio.comune.potenza.it\/index.php?rest_route=%2Fwp%2Fv2%2Fmedia&parent=9880"}],"wp:term":[{"taxonomy":"category","embeddable":true,"href":"https:\/\/archivio.comune.potenza.it\/index.php?rest_route=%2Fwp%2Fv2%2Fcategories&post=9880"},{"taxonomy":"post_tag","embeddable":true,"href":"https:\/\/archivio.comune.potenza.it\/index.php?rest_route=%2Fwp%2Fv2%2Ftags&post=9880"}],"curies":[{"name":"wp","href":"https:\/\/api.w.org\/{rel}","templated":true}]}}