{"id":9886,"date":"2014-09-08T11:45:27","date_gmt":"2014-09-08T09:45:27","guid":{"rendered":"http:\/\/archivio.comune.potenza.it\/comune_wp\/?p=9886"},"modified":"2014-09-08T11:45:27","modified_gmt":"2014-09-08T09:45:27","slug":"gianluca-meccariello-insieme-si-cambia-dichiarazioni-del-sindaco-sul-governo-della-citta","status":"publish","type":"post","link":"https:\/\/archivio.comune.potenza.it\/?p=9886","title":{"rendered":"Gianluca Meccariello (Insieme si Cambia): Dichiarazioni del Sindaco sul governo della Citt\u00e0"},"content":{"rendered":"<p><span>Il consigliere comunale Gianluca Meccariello capogruppo di \u2018Insieme si Cambia\u2019 interviene riguardo alle dichiarazioni del Sindaco sul governo della citt\u00e0: \u201cApprendo dagli organi di stampa delle dichiarazioni del sindaco De Luca che apre il governo della citt\u00e0 alle forze del centrosinistra e del suo \u2018nuovo\u2019 intento di dare forza collaborativa al consiglio comunale della citt\u00e0 di Potenza. Una inversione di marcia rispetto al recentissimo passato nel quale la collaborazione \u00e8 stata solo nelle parole ma non nei fatti. Alcuni esempi da citare \u2013 prosegue Meccariello \u2013 possono essere la mancata consultazione con la maggioranza del Consiglio Comunale per la composizione della Giunta, poi un ricorso presentato per risolvere la famigerata \u2019anatra zoppa\u2019 in sede giuridica annullando di fatto la consultazione elettorale e quindi il volere degli elettori. Ci siamo assunti le nostre responsabilit\u00e0 e continueremo a farlo con il nostro lavoro in Consiglio e nelle Commissioni, \u2018Insieme si cambia\u2019 non \u00e8 solo il nome del nostro gruppo consiliare, \u00e8 la nostra aspirazione di metodologia politica ed operativa. Nelle prossime settimane si dovranno affrontare passaggi molto delicati in Consiglio ed \u00e8 necessario comprendere questa volta che l\u2019intesa deve essere nei fatti. \u00a0A mio avviso si \u00e8 perso solo tempo prezioso per capire che c\u2019era bisogno dell\u2019appoggio della maggioranza in Consiglio Comunale, \u00a0la nostra \u00e8 una citt\u00e0 che presenta difficolt\u00e0 la cui soluzione non pu\u00f2 pi\u00f9 essere rimandata.\u00a0 Per avviare qualsiasi forma di dialogo \u00e8 necessario l\u2019azzeramento senza condizioni dell\u2019attuale Giunta di destra\u201d conclude il capogruppo di &#8216;Insieme si Cambia&#8217;.<\/span><\/p>\n","protected":false},"excerpt":{"rendered":"<p>Il consigliere comunale Gianluca Meccariello capogruppo di \u2018Insieme si Cambia\u2019 interviene riguardo alle dichiarazioni del Sindaco sul governo della citt\u00e0: \u201cApprendo dagli organi di stampa &#8230; <\/p>\n","protected":false},"author":1,"featured_media":0,"comment_status":"closed","ping_status":"closed","sticky":false,"template":"single-sidebar.php","format":"standard","meta":{"footnotes":""},"categories":[384],"tags":[],"class_list":["post-9886","post","type-post","status-publish","format-standard","hentry","category-c243-comunicati-stampa-dei-consiglieri-243"],"_links":{"self":[{"href":"https:\/\/archivio.comune.potenza.it\/index.php?rest_route=\/wp\/v2\/posts\/9886"}],"collection":[{"href":"https:\/\/archivio.comune.potenza.it\/index.php?rest_route=\/wp\/v2\/posts"}],"about":[{"href":"https:\/\/archivio.comune.potenza.it\/index.php?rest_route=\/wp\/v2\/types\/post"}],"author":[{"embeddable":true,"href":"https:\/\/archivio.comune.potenza.it\/index.php?rest_route=\/wp\/v2\/users\/1"}],"replies":[{"embeddable":true,"href":"https:\/\/archivio.comune.potenza.it\/index.php?rest_route=%2Fwp%2Fv2%2Fcomments&post=9886"}],"version-history":[{"count":0,"href":"https:\/\/archivio.comune.potenza.it\/index.php?rest_route=\/wp\/v2\/posts\/9886\/revisions"}],"wp:attachment":[{"href":"https:\/\/archivio.comune.potenza.it\/index.php?rest_route=%2Fwp%2Fv2%2Fmedia&parent=9886"}],"wp:term":[{"taxonomy":"category","embeddable":true,"href":"https:\/\/archivio.comune.potenza.it\/index.php?rest_route=%2Fwp%2Fv2%2Fcategories&post=9886"},{"taxonomy":"post_tag","embeddable":true,"href":"https:\/\/archivio.comune.potenza.it\/index.php?rest_route=%2Fwp%2Fv2%2Ftags&post=9886"}],"curies":[{"name":"wp","href":"https:\/\/api.w.org\/{rel}","templated":true}]}}