{"id":9887,"date":"2014-09-09T06:54:26","date_gmt":"2014-09-09T04:54:26","guid":{"rendered":"http:\/\/archivio.comune.potenza.it\/comune_wp\/?p=9887"},"modified":"2014-09-09T06:54:26","modified_gmt":"2014-09-09T04:54:26","slug":"donatella-cutro-e-donato-pace-socialist-democrats-dichiarazioni-di-apertura-del-sindaco-de-luca","status":"publish","type":"post","link":"https:\/\/archivio.comune.potenza.it\/?p=9887","title":{"rendered":"Donatella Cutro e Donato Pace (Socialist &#038; Democrats): Dichiarazioni di apertura del Sindaco De Luca"},"content":{"rendered":"<p>Il gruppo S&amp;D, alla dichiarazione di apertura del Sindaco De Luca, esprime la propria disponibilit\u00e0 al confronto con tutte le forze politiche comunali al fine di valutare le azioni future da porre in atto e definire un\u2019attivit\u00e0 programmatoria concreta e coerente con le problematiche e le esigenze rilevate. Considerata l\u2019attuale situazione politica-amministrativa, riteniamo prioritaria la realizzazione di un\u2019azione di governo efficace ed efficiente, orientata alla tutela ed alla valorizzazione del bene comune della nostra citt\u00e0 e dei suoi cittadini, ben consci che occorrono buon senso e concretezza nell\u2019individuazione delle priorit\u00e0 ed opportunit\u00e0 future.<\/p>\n<p>Nessun politicismo, poniamo al centro pi\u00f9 che le poltrone gli interessi della Comunit\u00e0, alla luce delle nuove sfide della prossima programmazione europea che ci impongono senso di responsabilit\u00e0 e maturit\u00e0 politica e personale.<\/p>\n","protected":false},"excerpt":{"rendered":"<p>Il gruppo S&amp;D, alla dichiarazione di apertura del Sindaco De Luca, esprime la propria disponibilit\u00e0 al confronto con tutte le forze politiche comunali al fine &#8230; <\/p>\n","protected":false},"author":1,"featured_media":0,"comment_status":"closed","ping_status":"closed","sticky":false,"template":"single-sidebar.php","format":"standard","meta":{"footnotes":""},"categories":[384],"tags":[],"class_list":["post-9887","post","type-post","status-publish","format-standard","hentry","category-c243-comunicati-stampa-dei-consiglieri-243"],"_links":{"self":[{"href":"https:\/\/archivio.comune.potenza.it\/index.php?rest_route=\/wp\/v2\/posts\/9887"}],"collection":[{"href":"https:\/\/archivio.comune.potenza.it\/index.php?rest_route=\/wp\/v2\/posts"}],"about":[{"href":"https:\/\/archivio.comune.potenza.it\/index.php?rest_route=\/wp\/v2\/types\/post"}],"author":[{"embeddable":true,"href":"https:\/\/archivio.comune.potenza.it\/index.php?rest_route=\/wp\/v2\/users\/1"}],"replies":[{"embeddable":true,"href":"https:\/\/archivio.comune.potenza.it\/index.php?rest_route=%2Fwp%2Fv2%2Fcomments&post=9887"}],"version-history":[{"count":0,"href":"https:\/\/archivio.comune.potenza.it\/index.php?rest_route=\/wp\/v2\/posts\/9887\/revisions"}],"wp:attachment":[{"href":"https:\/\/archivio.comune.potenza.it\/index.php?rest_route=%2Fwp%2Fv2%2Fmedia&parent=9887"}],"wp:term":[{"taxonomy":"category","embeddable":true,"href":"https:\/\/archivio.comune.potenza.it\/index.php?rest_route=%2Fwp%2Fv2%2Fcategories&post=9887"},{"taxonomy":"post_tag","embeddable":true,"href":"https:\/\/archivio.comune.potenza.it\/index.php?rest_route=%2Fwp%2Fv2%2Ftags&post=9887"}],"curies":[{"name":"wp","href":"https:\/\/api.w.org\/{rel}","templated":true}]}}