{"id":9893,"date":"2014-09-09T11:16:49","date_gmt":"2014-09-09T09:16:49","guid":{"rendered":"http:\/\/archivio.comune.potenza.it\/comune_wp\/?p=9893"},"modified":"2014-09-09T11:16:49","modified_gmt":"2014-09-09T09:16:49","slug":"gruppi-consiliari-pd-e-insieme-si-cambia-trasporto-scolastico","status":"publish","type":"post","link":"https:\/\/archivio.comune.potenza.it\/?p=9893","title":{"rendered":"Gruppi Consiliari PD e Insieme si Cambia: Trasporto scolastico"},"content":{"rendered":"<p>Premesso che il trasporto scolastico rappresenta uno dei prerequisiti essenziali per l&#8217;accesso al diritto allo studio, un diritto altrimenti non perfettamente esigibile. E&#8217; altrettanto ovvio che il trasporto sia un requisito ancora pi\u00f9 importante per i soggetti che,\u00a0 a causa della loro disabilit\u00e0, hanno problemi di autonomia e mobilit\u00e0. A sei giorni dall&#8217;apertura delle scuole nella nostra citt\u00e0 il gruppo consiliare del Pd e il gruppo Insieme si Cambia chiedono al Sindaco, non avendo ancora avuto notizie certe su tempi e modalit\u00e0 del servizio, chiarimenti in merito. I genitori dei nostri studenti hanno diritto di sapere.\u00a0<\/p>\n","protected":false},"excerpt":{"rendered":"<p>Premesso che il trasporto scolastico rappresenta uno dei prerequisiti essenziali per l&#8217;accesso al diritto allo studio, un diritto altrimenti non perfettamente esigibile. E&#8217; altrettanto ovvio &#8230; <\/p>\n","protected":false},"author":1,"featured_media":0,"comment_status":"closed","ping_status":"closed","sticky":false,"template":"single-sidebar.php","format":"standard","meta":{"footnotes":""},"categories":[384],"tags":[],"class_list":["post-9893","post","type-post","status-publish","format-standard","hentry","category-c243-comunicati-stampa-dei-consiglieri-243"],"_links":{"self":[{"href":"https:\/\/archivio.comune.potenza.it\/index.php?rest_route=\/wp\/v2\/posts\/9893"}],"collection":[{"href":"https:\/\/archivio.comune.potenza.it\/index.php?rest_route=\/wp\/v2\/posts"}],"about":[{"href":"https:\/\/archivio.comune.potenza.it\/index.php?rest_route=\/wp\/v2\/types\/post"}],"author":[{"embeddable":true,"href":"https:\/\/archivio.comune.potenza.it\/index.php?rest_route=\/wp\/v2\/users\/1"}],"replies":[{"embeddable":true,"href":"https:\/\/archivio.comune.potenza.it\/index.php?rest_route=%2Fwp%2Fv2%2Fcomments&post=9893"}],"version-history":[{"count":0,"href":"https:\/\/archivio.comune.potenza.it\/index.php?rest_route=\/wp\/v2\/posts\/9893\/revisions"}],"wp:attachment":[{"href":"https:\/\/archivio.comune.potenza.it\/index.php?rest_route=%2Fwp%2Fv2%2Fmedia&parent=9893"}],"wp:term":[{"taxonomy":"category","embeddable":true,"href":"https:\/\/archivio.comune.potenza.it\/index.php?rest_route=%2Fwp%2Fv2%2Fcategories&post=9893"},{"taxonomy":"post_tag","embeddable":true,"href":"https:\/\/archivio.comune.potenza.it\/index.php?rest_route=%2Fwp%2Fv2%2Ftags&post=9893"}],"curies":[{"name":"wp","href":"https:\/\/api.w.org\/{rel}","templated":true}]}}