{"id":9910,"date":"2014-09-12T07:15:55","date_gmt":"2014-09-12T05:15:55","guid":{"rendered":"http:\/\/archivio.comune.potenza.it\/comune_wp\/?p=9910"},"modified":"2014-09-12T07:15:55","modified_gmt":"2014-09-12T05:15:55","slug":"gianpaolo-carretta-partito-democratico-approvazione-tasi-e-imu","status":"publish","type":"post","link":"https:\/\/archivio.comune.potenza.it\/?p=9910","title":{"rendered":"Gianpaolo Carretta (Partito Democratico): Approvazione Tasi e IMU"},"content":{"rendered":"<p><span style=\"line-height: 1.3em;\">Con grande senso di responsabilit\u00e0 il Partito Democratico ed il Centro sinistra con il loro voto di astensione ed autorizzando il consigliere del PD Vincenzo Telesca ad esprimere il proprio voto favorevole, hanno consentito che fosse approvato il regolamento IUC e le delibere riguardanti le tariffe IMU e TASI.<\/span><\/p>\n<p>A riprova dell\u2019alto senso istituzionale e del rispetto socio amministrativo che il Centro sinistra ha verso la Comunit\u00e0 cittadina, con grande spirito di responsabilit\u00e0 e a salvaguardia delle entrate comunali per garantire tutti i servizi primari a Potenza, si sono create le condizioni perch\u00e9 i provvedimenti fossero approvati. L\u2019Amministrazione di destra non aveva e non ha i numeri per approvare qualsiasi tipo di provvedimento ed ha ormai dimostrato di non essere in grado di governare la Citt\u00e0 in maniera autosufficiente sotto il profilo politico ed amministrativo. Ci siamo astenuti non per tattica politica o per leziosit\u00e0 formali ma perch\u00e9 non condividiamo nel merito un provvedimento che in maniera tecnicistica e semplicistica aumenta tutte le tariffe per consentire maggiori entrate alle casse comunali, ma a discapito delle tasche dei cittadini e soprattutto delle fasce sociali meno abbienti. Si sarebbe da subito dovuto mettere in essere, attraverso l\u2019utilizzazione del progetto di sportello unico per le entrate, la razionalizzazione del sistema per introitare nuove risorse e mettere in campo una seria politica di lotta all\u2019elusione e all\u2019evasione fiscale, dando una soluzione anche ad alcune problematiche come quelle della pubblicit\u00e0, dei parcheggi ecc., rimaste insolute e che avrebbero consentito ossigeno alle casse comunali.Non abbiamo bisogno di politiche economico finanziarie tecnicistiche e asettiche ma, bens\u00ec, di politiche strategiche virtuose. Bastava semplicemente utilizzare i 3\/12 del bilancio e soprattutto consentire al Consiglio Comunale di approfondire queste tematiche per tempo, per poter portare all\u2019esame dell\u2019Aula tutti quei provvedimenti finalizzati a mettere in campo le soluzioni migliori per ottenere vere politiche di equit\u00e0 sociale. Si \u00e8 persa una importante occasione costringendo la comunit\u00e0 a notevoli esborsi economici. E\u2019 arrivato il momento di fare chiarezza politico amministrativa per il bene della citt\u00e0, che non merita un governo politicamente appiattito sulla destra e che ha tentato di governare, sbagliando, senza una maggioranza politica. Si deve immediatamente azzerare questa Giunta sovrabbondante e improduttiva per gli oggettivi limiti politici ed aprire un confronto vero e leale per capire se vi sono le condizioni, per il bene di Potenza, di intraprendere un percorso politico ed amministrativo trasparente e chiaro pur nelle differenze ideali e programmatiche.<\/p>\n","protected":false},"excerpt":{"rendered":"<p>Con grande senso di responsabilit\u00e0 il Partito Democratico ed il Centro sinistra con il loro voto di astensione ed autorizzando il consigliere del PD Vincenzo &#8230; <\/p>\n","protected":false},"author":1,"featured_media":0,"comment_status":"closed","ping_status":"closed","sticky":false,"template":"single-sidebar.php","format":"standard","meta":{"footnotes":""},"categories":[384],"tags":[],"class_list":["post-9910","post","type-post","status-publish","format-standard","hentry","category-c243-comunicati-stampa-dei-consiglieri-243"],"_links":{"self":[{"href":"https:\/\/archivio.comune.potenza.it\/index.php?rest_route=\/wp\/v2\/posts\/9910"}],"collection":[{"href":"https:\/\/archivio.comune.potenza.it\/index.php?rest_route=\/wp\/v2\/posts"}],"about":[{"href":"https:\/\/archivio.comune.potenza.it\/index.php?rest_route=\/wp\/v2\/types\/post"}],"author":[{"embeddable":true,"href":"https:\/\/archivio.comune.potenza.it\/index.php?rest_route=\/wp\/v2\/users\/1"}],"replies":[{"embeddable":true,"href":"https:\/\/archivio.comune.potenza.it\/index.php?rest_route=%2Fwp%2Fv2%2Fcomments&post=9910"}],"version-history":[{"count":0,"href":"https:\/\/archivio.comune.potenza.it\/index.php?rest_route=\/wp\/v2\/posts\/9910\/revisions"}],"wp:attachment":[{"href":"https:\/\/archivio.comune.potenza.it\/index.php?rest_route=%2Fwp%2Fv2%2Fmedia&parent=9910"}],"wp:term":[{"taxonomy":"category","embeddable":true,"href":"https:\/\/archivio.comune.potenza.it\/index.php?rest_route=%2Fwp%2Fv2%2Fcategories&post=9910"},{"taxonomy":"post_tag","embeddable":true,"href":"https:\/\/archivio.comune.potenza.it\/index.php?rest_route=%2Fwp%2Fv2%2Ftags&post=9910"}],"curies":[{"name":"wp","href":"https:\/\/api.w.org\/{rel}","templated":true}]}}