{"id":9911,"date":"2014-09-12T07:18:05","date_gmt":"2014-09-12T05:18:05","guid":{"rendered":"http:\/\/archivio.comune.potenza.it\/comune_wp\/?p=9911"},"modified":"2014-09-12T07:18:05","modified_gmt":"2014-09-12T05:18:05","slug":"gruppo-consiliare-popolari-per-l-italia-patto-per-la-citta","status":"publish","type":"post","link":"https:\/\/archivio.comune.potenza.it\/?p=9911","title":{"rendered":"Gruppo Consiliare Popolari per l&#8217;Italia: Patto per la Citt\u00e0"},"content":{"rendered":"<p>Ieri 09 Settembre 2014 si \u00e8 riunito il direttivo cittadino dei Popolari per l&#8217;Italia per analizzare la situazione politica della citt\u00e0 di Potenza, alla luce delle recenti aperture del Sindaco Dario De Luca verso tutte le forze politiche.<br \/>Alla presenza del consigliere regionale Aurelio Pace, del consigliere comunale Franco Morlino, dell&#8217;assessore allo sport Giovanni Salvia e dei vertici regionali e provinciali del partito, l&#8217;assemblea ha preso atto del momento di difficolt\u00e0 in cui versa il Comune di Potenza ed ha tracciato un indirizzo programmatico sulle linee e le proposte politiche da mettere in campo nell&#8217;immediato futuro. Quanto emerso dalle relazioni esposte sui primi mesi di lavori dal consigliere Morlino e dall&#8217;assessore Salvia lascia poco spazio all&#8217;interpretazione ma impone una seria riflessione sul futuro della citt\u00e0. Dai Popolari per l&#8217;Italia \u00e8 emersa una linea politica di sostegno al Sindaco De Luca ed un sincero apprezzamento per l&#8217;apertura al dialogo tra le varie componenti politiche, \u201cuna strada che va condivisa e sostenuta con l&#8217;unico fine di tutelare la citt\u00e0 e i cittadini tutti\u201d sostiene il consigliere Pace.<br \/>Un PATTO PER LA CITTA\u2019 \u00e8 la proposta dei Popolari per l\u2019Italia da concordare con tutte le forze politiche per condividere quei punti programmatici primari essenziali per dare risposte concrete alle esigenze della cittadinanza.<br \/>Nel dibattito il consigliere Morlino ha segnalato come &#8220;siano emerse evidenti difficolt\u00e0 di equilibrio politico gi\u00e0 all\u2019interno delle commissioni e poi nell&#8217;assise consiliare che rende necessaria una riorganizzazione dell&#8217;azione politica che non prescinda dall&#8217;obiettivo principale che \u00e8 il bene della citt\u00e0 e il benessere dei cittadini&#8221;.<br \/>Ribadisce l\u2019assessore Salvia: &#8220;il lavoro assessorile intrapreso in questo periodo percorre la strada di impegno diretto e costante al fianco dei cittadini; occorre evitare di strumentalizzare ed interpretare l\u2019attivismo e la professionalit\u00e0 del singolo amministratore in mere manovre politiche fine a se stesse&#8221;.<br \/>A chiusura dei lavori il consigliere regionale Pace sottolinea: &#8220;Dario De Luca e il consiglio comunale fortemente rinnovato costituiscono un patrimonio da non disperdere in quanto rappresentazione di una volont\u00e0 popolare e di una esigenza di cambiamento. I Popolari per l\u2019Italia in questi mesi hanno ampiamente dimostrato che le proposte messe in campo sono state gi\u00e0 attuate nonostante il momento di difficolt\u00e0&#8221;.<\/p>\n","protected":false},"excerpt":{"rendered":"<p>Ieri 09 Settembre 2014 si \u00e8 riunito il direttivo cittadino dei Popolari per l&#8217;Italia per analizzare la situazione politica della citt\u00e0 di Potenza, alla luce &#8230; <\/p>\n","protected":false},"author":1,"featured_media":0,"comment_status":"closed","ping_status":"closed","sticky":false,"template":"single-sidebar.php","format":"standard","meta":{"footnotes":""},"categories":[384],"tags":[],"class_list":["post-9911","post","type-post","status-publish","format-standard","hentry","category-c243-comunicati-stampa-dei-consiglieri-243"],"_links":{"self":[{"href":"https:\/\/archivio.comune.potenza.it\/index.php?rest_route=\/wp\/v2\/posts\/9911"}],"collection":[{"href":"https:\/\/archivio.comune.potenza.it\/index.php?rest_route=\/wp\/v2\/posts"}],"about":[{"href":"https:\/\/archivio.comune.potenza.it\/index.php?rest_route=\/wp\/v2\/types\/post"}],"author":[{"embeddable":true,"href":"https:\/\/archivio.comune.potenza.it\/index.php?rest_route=\/wp\/v2\/users\/1"}],"replies":[{"embeddable":true,"href":"https:\/\/archivio.comune.potenza.it\/index.php?rest_route=%2Fwp%2Fv2%2Fcomments&post=9911"}],"version-history":[{"count":0,"href":"https:\/\/archivio.comune.potenza.it\/index.php?rest_route=\/wp\/v2\/posts\/9911\/revisions"}],"wp:attachment":[{"href":"https:\/\/archivio.comune.potenza.it\/index.php?rest_route=%2Fwp%2Fv2%2Fmedia&parent=9911"}],"wp:term":[{"taxonomy":"category","embeddable":true,"href":"https:\/\/archivio.comune.potenza.it\/index.php?rest_route=%2Fwp%2Fv2%2Fcategories&post=9911"},{"taxonomy":"post_tag","embeddable":true,"href":"https:\/\/archivio.comune.potenza.it\/index.php?rest_route=%2Fwp%2Fv2%2Ftags&post=9911"}],"curies":[{"name":"wp","href":"https:\/\/api.w.org\/{rel}","templated":true}]}}