{"id":9912,"date":"2014-09-12T07:20:54","date_gmt":"2014-09-12T05:20:54","guid":{"rendered":"http:\/\/archivio.comune.potenza.it\/comune_wp\/?p=9912"},"modified":"2014-09-12T07:20:54","modified_gmt":"2014-09-12T05:20:54","slug":"bianca-andretta-gianluca-meccariello-alessandra-sagarese-e-donato-nole-insieme-si-cambia-approvazione-delibera-imu-tasi-aliquote-per-il-2014","status":"publish","type":"post","link":"https:\/\/archivio.comune.potenza.it\/?p=9912","title":{"rendered":"Bianca Andretta, Gianluca Meccariello, Alessandra Sagarese e Donato Nol\u00e8 (Insieme Si Cambia): Approvazione delibera Imu\/Tasi  &#8211; Aliquote per il 2014"},"content":{"rendered":"<p><span style=\"line-height: 1.3em;\">All&#8217;indomani\u00a0dell&#8217;approvazione della delibera che fissa le aliquote e il sistema di detrazioni dell&#8217;IMU e\u00a0della TASI per l&#8217;anno 2014, esprimiamo il nostro rammarico e la nostra amarezza per la mancanza di un percorso di partecipazione e di condivisione nella predisposizione di un documento tanto delicato e destinato ad incidere non poco sulle tasche dei nostri concittadini.<\/span><\/p>\n<p>Il nostro rammarico pi\u00f9 grande \u00e8 che si sarebbe potuto lavorare insieme nell&#8217;interesse della comunit\u00e0 verso una soluzione orientata ad una maggiore equit\u00e0 e redistribuzione fiscale, con un sistema di detrazioni, calcolato sul reddito ISEE, considerando quindi la reale ricchezza di una famiglia ossia nucleo familiare, reddito e patrimonio cos\u00ec da tutelare le famiglia in maggiore difficolt\u00e0.\u00a0<\/p>\n<p>Il provvedimento approvato ieri in consiglio comunale, al contrario,ci spiace constatare \u00e8 basato su detrazioni generiche e, non intervenendo sulle condizioni familiari, non tiene in debito conto la presenza di persone con disabilit\u00e0, disoccupati, cassaintegrati e percettori di ammortizzatori sociali.<\/p>\n<p>L\u2019auspicio \u00e8 che in questo momento di grave emergenza sociale si verifichi un cambio di tendenza rispetto ad un <em>modus operandi<\/em> che riteniamo non pi\u00f9 tollerabile.<\/p>\n<p>A breve ci attendono importanti scadenze e nuove sfide; nessuno pensi di proseguire con l\u2019azione del \u201ctirare a campare\u201d, confidando puntualmente nel senso di responsabilit\u00e0 delle forze di Centro Sinistra, ne risulterebbe un ingiustificato accanimento nei confronti della nostra Citt\u00e0.<\/p>\n","protected":false},"excerpt":{"rendered":"<p>All&#8217;indomani\u00a0dell&#8217;approvazione della delibera che fissa le aliquote e il sistema di detrazioni dell&#8217;IMU e\u00a0della TASI per l&#8217;anno 2014, esprimiamo il nostro rammarico e la nostra &#8230; <\/p>\n","protected":false},"author":1,"featured_media":0,"comment_status":"closed","ping_status":"closed","sticky":false,"template":"single-sidebar.php","format":"standard","meta":{"footnotes":""},"categories":[384],"tags":[],"class_list":["post-9912","post","type-post","status-publish","format-standard","hentry","category-c243-comunicati-stampa-dei-consiglieri-243"],"_links":{"self":[{"href":"https:\/\/archivio.comune.potenza.it\/index.php?rest_route=\/wp\/v2\/posts\/9912"}],"collection":[{"href":"https:\/\/archivio.comune.potenza.it\/index.php?rest_route=\/wp\/v2\/posts"}],"about":[{"href":"https:\/\/archivio.comune.potenza.it\/index.php?rest_route=\/wp\/v2\/types\/post"}],"author":[{"embeddable":true,"href":"https:\/\/archivio.comune.potenza.it\/index.php?rest_route=\/wp\/v2\/users\/1"}],"replies":[{"embeddable":true,"href":"https:\/\/archivio.comune.potenza.it\/index.php?rest_route=%2Fwp%2Fv2%2Fcomments&post=9912"}],"version-history":[{"count":0,"href":"https:\/\/archivio.comune.potenza.it\/index.php?rest_route=\/wp\/v2\/posts\/9912\/revisions"}],"wp:attachment":[{"href":"https:\/\/archivio.comune.potenza.it\/index.php?rest_route=%2Fwp%2Fv2%2Fmedia&parent=9912"}],"wp:term":[{"taxonomy":"category","embeddable":true,"href":"https:\/\/archivio.comune.potenza.it\/index.php?rest_route=%2Fwp%2Fv2%2Fcategories&post=9912"},{"taxonomy":"post_tag","embeddable":true,"href":"https:\/\/archivio.comune.potenza.it\/index.php?rest_route=%2Fwp%2Fv2%2Ftags&post=9912"}],"curies":[{"name":"wp","href":"https:\/\/api.w.org\/{rel}","templated":true}]}}