{"id":9913,"date":"2014-09-12T07:24:25","date_gmt":"2014-09-12T05:24:25","guid":{"rendered":"http:\/\/archivio.comune.potenza.it\/comune_wp\/?p=9913"},"modified":"2014-09-12T07:24:25","modified_gmt":"2014-09-12T05:24:25","slug":"sergio-potenza-popolari-uniti-nominato-il-coordinamento-cittadino-dei-popolari-uniti","status":"publish","type":"post","link":"https:\/\/archivio.comune.potenza.it\/?p=9913","title":{"rendered":"Sergio Potenza (Popolari Uniti): Nominato il Coordinamento Cittadino dei Popolari Uniti"},"content":{"rendered":"<p><span style=\"line-height: 1.3em;\">All&#8217;indomani delle elezioni amministrative riprende il lavoro dei Popolari uniti nell&#8217;organizzazione del partito sulla citt\u00e0 di Potenza.<\/span><\/p>\n<p>Il segretario del partito, On. Antonio Potenza, ha proceduto alla nomina del coordinamento cittadino del capoluogo.<\/p>\n<p>Il coordinamento, che avr\u00e0 il compito di lavorare per il congresso previsto per la primavera prossima, \u00e8 presieduto da Antonio Losasso, gi\u00e0 consigliere comunale del capoluogo, e partecipato da Piergiuseppe Metastasio, Rosella Corda, Rossella Sagarese e Francesca Rizzo.<\/p>\n<p>Nelle prossime settimane partir\u00e0 la campagna di adesione 2014-2015 e sar\u00e0 possibile per coloro che aderiranno contribuire allo sviluppo della proposta programmatica cittadina.\u00a0<\/p>\n","protected":false},"excerpt":{"rendered":"<p>All&#8217;indomani delle elezioni amministrative riprende il lavoro dei Popolari uniti nell&#8217;organizzazione del partito sulla citt\u00e0 di Potenza. Il segretario del partito, On. Antonio Potenza, ha &#8230; <\/p>\n","protected":false},"author":1,"featured_media":0,"comment_status":"closed","ping_status":"closed","sticky":false,"template":"single-sidebar.php","format":"standard","meta":{"footnotes":""},"categories":[384],"tags":[],"class_list":["post-9913","post","type-post","status-publish","format-standard","hentry","category-c243-comunicati-stampa-dei-consiglieri-243"],"_links":{"self":[{"href":"https:\/\/archivio.comune.potenza.it\/index.php?rest_route=\/wp\/v2\/posts\/9913"}],"collection":[{"href":"https:\/\/archivio.comune.potenza.it\/index.php?rest_route=\/wp\/v2\/posts"}],"about":[{"href":"https:\/\/archivio.comune.potenza.it\/index.php?rest_route=\/wp\/v2\/types\/post"}],"author":[{"embeddable":true,"href":"https:\/\/archivio.comune.potenza.it\/index.php?rest_route=\/wp\/v2\/users\/1"}],"replies":[{"embeddable":true,"href":"https:\/\/archivio.comune.potenza.it\/index.php?rest_route=%2Fwp%2Fv2%2Fcomments&post=9913"}],"version-history":[{"count":0,"href":"https:\/\/archivio.comune.potenza.it\/index.php?rest_route=\/wp\/v2\/posts\/9913\/revisions"}],"wp:attachment":[{"href":"https:\/\/archivio.comune.potenza.it\/index.php?rest_route=%2Fwp%2Fv2%2Fmedia&parent=9913"}],"wp:term":[{"taxonomy":"category","embeddable":true,"href":"https:\/\/archivio.comune.potenza.it\/index.php?rest_route=%2Fwp%2Fv2%2Fcategories&post=9913"},{"taxonomy":"post_tag","embeddable":true,"href":"https:\/\/archivio.comune.potenza.it\/index.php?rest_route=%2Fwp%2Fv2%2Ftags&post=9913"}],"curies":[{"name":"wp","href":"https:\/\/api.w.org\/{rel}","templated":true}]}}