{"id":9918,"date":"2014-09-12T14:35:06","date_gmt":"2014-09-12T12:35:06","guid":{"rendered":"http:\/\/archivio.comune.potenza.it\/comune_wp\/?p=9918"},"modified":"2014-09-12T14:35:06","modified_gmt":"2014-09-12T12:35:06","slug":"giampiero-iudicello-partito-democratico-polo-artigianale-a-potenza","status":"publish","type":"post","link":"https:\/\/archivio.comune.potenza.it\/?p=9918","title":{"rendered":"Giampiero Iudicello (Partito Democratico): Polo artigianale a Potenza"},"content":{"rendered":"<p>Il tema della individuazione di un&#8217;area di propriet\u00e0 comunale da destinare all&#8217;insediamento di un polo artigianale deve essere una delle priorit\u00e0 nella agenda amministrativa di questa consiliatura, cosi afferma il Segretario Cittadino nonch\u00e9 Capogruppo in Consiglio Comunale del PD Giampiero Iudicello.<\/p>\n<p>Durante i lavori della terza commissione, continua Iudicello, ho posto il tema all&#8217;attenzione dell&#8217;Assessore al ramo e chiesto una calendarizzazione dei lavori al fine di procedere piu speditamente\u00a0 dopo aver udito le organizzazioni di categoria interessate (Confapi, Confartigianato, CNA). Il Partito Democratico e il Gruppo Consiliare PD ritiene che in una fase difficile come questa non basta parlare solo di tagli e spending review ma occorra ripiegarsi, senza attardarsi ulteriormente, nella individuazione di proposte concrete e soluzioni che possano significare sviluppo e crescita per la nostra comunit\u00e0. La realizzazione di un&#8217;area artigianale in territorio comunale che oltre che essere un importante polo economico e commerciale\u00a0 possa fungere da incubatore di impresa e spazio per praticare e sperimentare innovazione rappresenta una dei temi sui quali occorre andare avanti speditamente e in modo concertato.\u00a0\u00a0<\/p>\n","protected":false},"excerpt":{"rendered":"<p>Il tema della individuazione di un&#8217;area di propriet\u00e0 comunale da destinare all&#8217;insediamento di un polo artigianale deve essere una delle priorit\u00e0 nella agenda amministrativa di &#8230; <\/p>\n","protected":false},"author":1,"featured_media":0,"comment_status":"closed","ping_status":"closed","sticky":false,"template":"single-sidebar.php","format":"standard","meta":{"footnotes":""},"categories":[384],"tags":[],"class_list":["post-9918","post","type-post","status-publish","format-standard","hentry","category-c243-comunicati-stampa-dei-consiglieri-243"],"_links":{"self":[{"href":"https:\/\/archivio.comune.potenza.it\/index.php?rest_route=\/wp\/v2\/posts\/9918"}],"collection":[{"href":"https:\/\/archivio.comune.potenza.it\/index.php?rest_route=\/wp\/v2\/posts"}],"about":[{"href":"https:\/\/archivio.comune.potenza.it\/index.php?rest_route=\/wp\/v2\/types\/post"}],"author":[{"embeddable":true,"href":"https:\/\/archivio.comune.potenza.it\/index.php?rest_route=\/wp\/v2\/users\/1"}],"replies":[{"embeddable":true,"href":"https:\/\/archivio.comune.potenza.it\/index.php?rest_route=%2Fwp%2Fv2%2Fcomments&post=9918"}],"version-history":[{"count":0,"href":"https:\/\/archivio.comune.potenza.it\/index.php?rest_route=\/wp\/v2\/posts\/9918\/revisions"}],"wp:attachment":[{"href":"https:\/\/archivio.comune.potenza.it\/index.php?rest_route=%2Fwp%2Fv2%2Fmedia&parent=9918"}],"wp:term":[{"taxonomy":"category","embeddable":true,"href":"https:\/\/archivio.comune.potenza.it\/index.php?rest_route=%2Fwp%2Fv2%2Fcategories&post=9918"},{"taxonomy":"post_tag","embeddable":true,"href":"https:\/\/archivio.comune.potenza.it\/index.php?rest_route=%2Fwp%2Fv2%2Ftags&post=9918"}],"curies":[{"name":"wp","href":"https:\/\/api.w.org\/{rel}","templated":true}]}}