{"id":9926,"date":"2014-09-15T08:12:57","date_gmt":"2014-09-15T06:12:57","guid":{"rendered":"http:\/\/archivio.comune.potenza.it\/comune_wp\/?p=9926"},"modified":"2014-09-15T08:12:57","modified_gmt":"2014-09-15T06:12:57","slug":"rocco-pergola-i-socialisti-sosteniamo-i-lavoratori-in-mobilita-in-deroga","status":"publish","type":"post","link":"https:\/\/archivio.comune.potenza.it\/?p=9926","title":{"rendered":"Rocco Pergola (I Socialisti): Sosteniamo i \u201cLavoratori in Mobilit\u00e0 in Deroga\u201d"},"content":{"rendered":"<p><span style=\"text-align: justify; line-height: 1.3em;\">Il gruppo consiliare dei \u201cI \u00a0Socialisti\u201d esprime la piena solidariet\u00e0 ai <\/span><strong style=\"text-align: justify; line-height: 1.3em;\">Lavoratori in Mobilit\u00e0 in Deroga <\/strong><span style=\"text-align: justify; line-height: 1.3em;\">che da giorni attraverso il loro presidio presso la Regione Basilicata stanno chiedendo ascolto e rivendicano una soluzione lavorativa di PROSPETTIVA e non assistenziale da parte delle istituzioni. Parliamo di 2770 lavoratori regionali di cui circa 600 della citt\u00e0 di Potenza che sono costretti a vivere con le loro famiglie con circa 300 euro mensili. In questo momento il ritardo dei pagamenti fermi a Dicembre 2013 e la cancellazione di tale sussidio prevista dal Governo Centrale con il decreto Polletti da Agosto 2014 non fa altro che aggravare ulteriormente la situazione economica e sociale di tutti questi lavoratori. C\u2019\u00e8 la necessit\u00e0 di mettere in campo un azione sinergica tra i vari livelli amministrativi (comunale, provinciale e regionale) per garantire una prospettiva lavorativa affidabile, per questo il gruppo consiliare dei \u201cI Socialisti\u201d chiede a gran voce che su tale tema tutte le forze politiche si confrontino in Consiglio Comunale e si impegnino di mettere in campo soluzioni e suggerimenti da indicare ai propri rappresentanti regionali. Una delle priorit\u00e0 \u00e8 di sbloccare i pagamenti di tutte le mensilit\u00e0 arretrate e non solo quelle dei mesi di Gennaio e Febbraio 2013 come si \u00e8 appreso in questi giorni in quanto non riescono a coprire le spese sostenute dalle famiglie fino ad oggi. Bisogna stabilire quali attivit\u00e0 future potranno essere svolte dai Lavoratori in Mobilit\u00e0 in Deroga in base alle loro qualifiche e capacit\u00e0, quali progetti potranno mettersi in campo per garantire il diritto al lavoro. Una proposta emersa dagli stessi lavoratori \u00e8 quella legata al campo agro-forestale con una vera e propria organizzazione sociale che si occupi di salvaguardia dell\u2019ambiente e del territorio, di prevenzioni incendi, di pulizia e manutenzione dei parchi e delle aree verdi, a cui possiamo aggiungere allo stesso tempo ulteriori funzioni sociali al servizio di vari enti come quella di assistenza scolastica o di raccolta rifiuti. Riteniamo come forza politica da sempre sensibile alle problematiche dei lavoratori che sia necessario l\u2019impegno e l\u2019attenzione massima di tutti per una vera e propria emergenza sociale che interessa i Lavoratori in Mobilit\u00e0 in Deroga, madri e padri di famiglia della nostra regione e della nostra citt\u00e0 che chiedono semplicemente di lavorare per garantire alle proprie famiglie una futuro meno difficile, \u00a0per questo sosteniamo con forza la loro azione e chiediamo il confronto costruttivo con tutti.\u00a0<\/span><\/p>\n","protected":false},"excerpt":{"rendered":"<p>Il gruppo consiliare dei \u201cI \u00a0Socialisti\u201d esprime la piena solidariet\u00e0 ai Lavoratori in Mobilit\u00e0 in Deroga che da giorni attraverso il loro presidio presso la &#8230; <\/p>\n","protected":false},"author":1,"featured_media":0,"comment_status":"closed","ping_status":"closed","sticky":false,"template":"single-sidebar.php","format":"standard","meta":{"footnotes":""},"categories":[384],"tags":[],"class_list":["post-9926","post","type-post","status-publish","format-standard","hentry","category-c243-comunicati-stampa-dei-consiglieri-243"],"_links":{"self":[{"href":"https:\/\/archivio.comune.potenza.it\/index.php?rest_route=\/wp\/v2\/posts\/9926"}],"collection":[{"href":"https:\/\/archivio.comune.potenza.it\/index.php?rest_route=\/wp\/v2\/posts"}],"about":[{"href":"https:\/\/archivio.comune.potenza.it\/index.php?rest_route=\/wp\/v2\/types\/post"}],"author":[{"embeddable":true,"href":"https:\/\/archivio.comune.potenza.it\/index.php?rest_route=\/wp\/v2\/users\/1"}],"replies":[{"embeddable":true,"href":"https:\/\/archivio.comune.potenza.it\/index.php?rest_route=%2Fwp%2Fv2%2Fcomments&post=9926"}],"version-history":[{"count":0,"href":"https:\/\/archivio.comune.potenza.it\/index.php?rest_route=\/wp\/v2\/posts\/9926\/revisions"}],"wp:attachment":[{"href":"https:\/\/archivio.comune.potenza.it\/index.php?rest_route=%2Fwp%2Fv2%2Fmedia&parent=9926"}],"wp:term":[{"taxonomy":"category","embeddable":true,"href":"https:\/\/archivio.comune.potenza.it\/index.php?rest_route=%2Fwp%2Fv2%2Fcategories&post=9926"},{"taxonomy":"post_tag","embeddable":true,"href":"https:\/\/archivio.comune.potenza.it\/index.php?rest_route=%2Fwp%2Fv2%2Ftags&post=9926"}],"curies":[{"name":"wp","href":"https:\/\/api.w.org\/{rel}","templated":true}]}}