{"id":9953,"date":"2014-09-18T13:19:29","date_gmt":"2014-09-18T11:19:29","guid":{"rendered":"http:\/\/archivio.comune.potenza.it\/comune_wp\/?p=9953"},"modified":"2014-09-18T13:19:29","modified_gmt":"2014-09-18T11:19:29","slug":"gianpaolo-carretta-partito-democratico-nomina-nuovo-comandante-polizia-locale","status":"publish","type":"post","link":"https:\/\/archivio.comune.potenza.it\/?p=9953","title":{"rendered":"Gianpaolo Carretta (Partito Democratico): Nomina nuovo comandante Polizia Locale"},"content":{"rendered":"<p>Il Sindaco di Potenza Dario De Luca nel nominare con provvedimento monocratico il dirigente responsabile dell\u2019Unit\u00e0 di Direzione Polizia Locale e Protezione Civile per la durata di anni tre nella persona dell\u2019Avv. Salvatore Monserrati, ha a nostro parere compiuto un atto oggettivamente censurabile sotto il profilo amministrativo ed istituzionale. Fermo restante la nomina di natura fiduciaria e fatti salvi i requisiti di legge presenti nonch\u00e8 le qualit\u00e0 personali dell\u2019attuale dirigente della fiscalit\u00e0 locale e delle Entrate del Comune di Potenza che non sono in discussione, si \u00e8 proceduto in tale direzione, sottacendo che il nominato ha ben due contenziosi in essere con il Comune di Potenza riguardanti proprio l\u2019impugnazione dell\u2019incarico conferito ai due precedenti dirigenti della Polizia Locale.<\/p>\n<p>Pertanto con tale nomina, si \u00e8 anticipata di fatto la decisione dei Giudici, ponendo in essere\u00a0 un atto che da un lato ha una valenza reintegrativa e dall\u2019altro introduce una evidente carenza di interesse da parte del Comune a resistere in giudizio. Sotto il profilo amministrativo motivi di opportunit\u00e0 avrebbero dovuto portare evidentemente ad una scelta differente. Per ci\u00f2 che attiene al profilo istituzionale, organizzativo e gestionale si compie una scelta non proiettata nel futuro, perch\u00e9 da un lato si ritorna al passato nominando chi aveva gi\u00e0 svolto tali funzioni e dall\u2019altro si nomina un Dirigente che per motivi temporali non pu\u00f2 assicurare continuit\u00e0 strategica al Corpo di Polizia Locale della Citt\u00e0 e alle sue funzioni tecnico sociali.<\/p>\n<p>Se il principale motivo ispiratore,\u00a0 \u00e8 stato quello del risparmio economico in ossequio al tema della spending review, si sarebbe comunque potuto optare per tutte le motivazioni richiamate, con la nomina di altro dirigente in servizio presso il Comune di Potenza in possesso di relativi requisiti. Nel ringraziare il dottor Donato Pace per la professionalit\u00e0 e la competenza dimostrate che si sono concretizzate nel dare un\u2019anima e una forte valenza tecnico sociale all\u2019Unit\u00e0 da lui diretta, auspichiamo che al pi\u00f9 presto si mettano in essere tutte le procedure ad evidenza pubblica per la scelta del futuro Comandante della Polizia Locale di Potenza, che possa assicurare la crescita e la prospettiva di medio periodo, alle esigenze del Corpo di Polizia della citt\u00e0.<\/p>\n<p>\u00a0<\/p>\n","protected":false},"excerpt":{"rendered":"<p>Il Sindaco di Potenza Dario De Luca nel nominare con provvedimento monocratico il dirigente responsabile dell\u2019Unit\u00e0 di Direzione Polizia Locale e Protezione Civile per la &#8230; <\/p>\n","protected":false},"author":1,"featured_media":0,"comment_status":"closed","ping_status":"closed","sticky":false,"template":"single-sidebar.php","format":"standard","meta":{"footnotes":""},"categories":[384],"tags":[],"class_list":["post-9953","post","type-post","status-publish","format-standard","hentry","category-c243-comunicati-stampa-dei-consiglieri-243"],"_links":{"self":[{"href":"https:\/\/archivio.comune.potenza.it\/index.php?rest_route=\/wp\/v2\/posts\/9953"}],"collection":[{"href":"https:\/\/archivio.comune.potenza.it\/index.php?rest_route=\/wp\/v2\/posts"}],"about":[{"href":"https:\/\/archivio.comune.potenza.it\/index.php?rest_route=\/wp\/v2\/types\/post"}],"author":[{"embeddable":true,"href":"https:\/\/archivio.comune.potenza.it\/index.php?rest_route=\/wp\/v2\/users\/1"}],"replies":[{"embeddable":true,"href":"https:\/\/archivio.comune.potenza.it\/index.php?rest_route=%2Fwp%2Fv2%2Fcomments&post=9953"}],"version-history":[{"count":0,"href":"https:\/\/archivio.comune.potenza.it\/index.php?rest_route=\/wp\/v2\/posts\/9953\/revisions"}],"wp:attachment":[{"href":"https:\/\/archivio.comune.potenza.it\/index.php?rest_route=%2Fwp%2Fv2%2Fmedia&parent=9953"}],"wp:term":[{"taxonomy":"category","embeddable":true,"href":"https:\/\/archivio.comune.potenza.it\/index.php?rest_route=%2Fwp%2Fv2%2Fcategories&post=9953"},{"taxonomy":"post_tag","embeddable":true,"href":"https:\/\/archivio.comune.potenza.it\/index.php?rest_route=%2Fwp%2Fv2%2Ftags&post=9953"}],"curies":[{"name":"wp","href":"https:\/\/api.w.org\/{rel}","templated":true}]}}