{"id":9954,"date":"2014-09-18T13:21:48","date_gmt":"2014-09-18T11:21:48","guid":{"rendered":"http:\/\/archivio.comune.potenza.it\/comune_wp\/?p=9954"},"modified":"2014-09-18T13:21:48","modified_gmt":"2014-09-18T11:21:48","slug":"fernando-picerno-centro-democratico-potenziamento-del-corso-di-laurea-in-economia-aziendale","status":"publish","type":"post","link":"https:\/\/archivio.comune.potenza.it\/?p=9954","title":{"rendered":"Fernando Picerno (Centro Democratico): Potenziamento del corso di Laurea in Economia Aziendale"},"content":{"rendered":"<p>\u00a0\u201cIl corso di Laurea in Economia Aziendale dell\u2019Unibas non pu\u00f2 ancora fermarsi al triennale, cos\u00ec come \u00e8 stato istituito, ma deve diventare completo\u201d. E\u2019 la sollecitazione che il capogruppo di Centro democratico al Comune di Potenza Fernando Picerno rivolge al Senato accademico dell\u2019Ateneo di Potenza alla vigilia della riunione che sar\u00e0 dedicata alle problematiche d\u2019avvio del nuovo anno accademico. Il corso \u2013 evidenzia Picerno \u2013 pu\u00f2 contare su diverse centinaia di iscritti provenienti anche da altre regioni a differenza di altri corsi di laurea completi che invece hanno una frequenza numericamente pi\u00f9 contenuta. In questo modo ogni anno gli studenti che completano il terzo anno, vale a dire alcune centinaia l\u2019anno, sono costretti a trasferirsi ad altri atenei extraregionali per completare il corso di laurea con problemi economici per le famiglie e con l\u2019effetto di impoverire l\u2019Unibas invece di potenziarne la frequenza come tutti auspichiamo\u201d. Il capogruppo di Cd riferisce di aver acquisito l\u2019impegno anche del capogruppo in Regione Nicola Benedetto e dei parlamentari del Cd per individuare una soluzione rapida al problema, anche intervenendo nei confronti del Ministero, \u201ctenuto conto che la sede universitaria del capoluogo non ha certo carenze di strutture, intese come aule, laboratori e che si incrementerebbe inoltre il numero dei docenti\u201d. \u00a0<\/p>\n<div class=\"attachmentsContainer\">\u00a0<\/div>\n<div class=\"cmp_buttons_container\">\u00a0<\/div>\n","protected":false},"excerpt":{"rendered":"<p>\u00a0\u201cIl corso di Laurea in Economia Aziendale dell\u2019Unibas non pu\u00f2 ancora fermarsi al triennale, cos\u00ec come \u00e8 stato istituito, ma deve diventare completo\u201d. E\u2019 la &#8230; <\/p>\n","protected":false},"author":1,"featured_media":0,"comment_status":"closed","ping_status":"closed","sticky":false,"template":"single-sidebar.php","format":"standard","meta":{"footnotes":""},"categories":[384],"tags":[],"class_list":["post-9954","post","type-post","status-publish","format-standard","hentry","category-c243-comunicati-stampa-dei-consiglieri-243"],"_links":{"self":[{"href":"https:\/\/archivio.comune.potenza.it\/index.php?rest_route=\/wp\/v2\/posts\/9954"}],"collection":[{"href":"https:\/\/archivio.comune.potenza.it\/index.php?rest_route=\/wp\/v2\/posts"}],"about":[{"href":"https:\/\/archivio.comune.potenza.it\/index.php?rest_route=\/wp\/v2\/types\/post"}],"author":[{"embeddable":true,"href":"https:\/\/archivio.comune.potenza.it\/index.php?rest_route=\/wp\/v2\/users\/1"}],"replies":[{"embeddable":true,"href":"https:\/\/archivio.comune.potenza.it\/index.php?rest_route=%2Fwp%2Fv2%2Fcomments&post=9954"}],"version-history":[{"count":0,"href":"https:\/\/archivio.comune.potenza.it\/index.php?rest_route=\/wp\/v2\/posts\/9954\/revisions"}],"wp:attachment":[{"href":"https:\/\/archivio.comune.potenza.it\/index.php?rest_route=%2Fwp%2Fv2%2Fmedia&parent=9954"}],"wp:term":[{"taxonomy":"category","embeddable":true,"href":"https:\/\/archivio.comune.potenza.it\/index.php?rest_route=%2Fwp%2Fv2%2Fcategories&post=9954"},{"taxonomy":"post_tag","embeddable":true,"href":"https:\/\/archivio.comune.potenza.it\/index.php?rest_route=%2Fwp%2Fv2%2Ftags&post=9954"}],"curies":[{"name":"wp","href":"https:\/\/api.w.org\/{rel}","templated":true}]}}