{"id":9977,"date":"2014-09-22T15:12:57","date_gmt":"2014-09-22T13:12:57","guid":{"rendered":"http:\/\/archivio.comune.potenza.it\/comune_wp\/?p=9977"},"modified":"2014-09-22T15:12:57","modified_gmt":"2014-09-22T13:12:57","slug":"antonio-vigilante-lista-civica-per-la-citta-attacchi-all-assessore-alla-cultura-de-francesco","status":"publish","type":"post","link":"https:\/\/archivio.comune.potenza.it\/?p=9977","title":{"rendered":"Antonio Vigilante (Lista Civica per la Citt\u00e0): Attacchi all&#8217;Assessore alla Cultura De Francesco"},"content":{"rendered":"<p>Il consigliere del gruppo Lista civica per la citt\u00e0&#8217;, Antonio Vigilante, interviene in merito alla situazione dell&#8217;assesorato all&#8217;Istruzione. &#8220;I violentissimi e ripetuti attacchi &#8211; esordisce il consigliere &#8211; da parte di esponenti del PD all&#8217;assessore alla Cultura e Istruzione Margherita De Francesco dimostrano quanto male sia riposta la fiducia nel dialogo tra le forze consiliari, quantomeno rispetto a esponenti di punta del vecchio sistema di gestione dell&#8217;ente comunale. Il comportamento del consigliere Carretta, autore di attacchi ad orologeria sin dai primi giorni dell&#8217;insediamento della giunta, con tutta evidenza dettati da malanimo e pregiudizio politico, non possono che dimostrare -aihm\u00e8, sopratutto ai giovani consiglieri di entrambi gli schieramenti- che il precedente sistema amministrativo, approssimativo sotto il profilo del rispetto delle regole, conclamatamente clientelare e gravemente dannoso per le finanze comunali, ha sub\u00ecto un duro colpo dal deciso cambio di marcia della nuova gestione. Il settore dell&#8217;istruzione \u00e8 stato trovato in condizioni disastrose: mancano le strutture, mancano gli strumenti, mancano persino le figure professionali, e oggi, merc\u00e9 l&#8217;opera delle precedenti amministrazioni (le ultime due delle quali sostenute dallo stesso Carretta), mancano anche i soldi. E davvero il consigliere Carretta crede che qualcuno dar\u00e0 la colpa dello sfascio all&#8217;ultimo assessore, che sta spendendo, anche grazie alla sua pluridecennale esperienza in materia, ogni energia disponibile? L&#8217;accusa rivolta all&#8217;assessore di non partecipare alle commissioni, poi, da parte di Carretta, \u00e8 persino indecente: il sottoscritto \u00e8 membro della commissione di cui trattasi, quindi parla con cognizione di causa. Carretta sa benissimo del clima ostile e preconcetto che ivi si \u00e8 consolidato contro il sindaco e i rappresentanti della giunta, clima irrespirabile portato avanti persino da figure istituzionali del suo partito, che dovrebbero assumere il ruolo di garanzia, e che invece, mediante la sistematica violazione delle regole procedurali (convocazione e ordine del giorno), l&#8217;utilizzo di toni inopportuni in commissione e la &#8220;convocazione&#8221; di persone che, invitate non si sa da chi, di fatto partecipano ai lavori assembleari prendendo la parola per perorare le ragioni del centrosinistra (uso peraltro consolidato e molto pericoloso, specie sotto l&#8217;aspetto democratico, per le inaccettabili pressioni a cui sottopone i lavori, cui speriamo non si voglia dare seguito in futuro), rendono di fatto la commissione un caotico ring, dove proseguono tra scorrettezze e colpi di mano, anzich\u00e9 essere composte, le schermaglie consiliari. E&#8217; evidente, a mio avviso, che il centrosinistra non pu\u00f2 continuare a vivacchiare tra conflitti interni e tentativi di delegittimazione dell&#8217;avversario. Mentre il consigliere Carretta esercita la sua funzione politica di indignato a intermittenza, forse (immaginiamo) per preparare la riscossa elettorale del suo partito, e per far dimenticare gli ultimi due decenni di &#8220;sviste&#8221; e &#8220;dimenticanze&#8221; che hanno portato la citt\u00e0 al collasso, la nostra citt\u00e0 aspetta ancora una risposta dalla maggioranza: collabora o no, il centrosinistra che ha la responsabilit\u00e0 della maggioranza consiliare, con il sindaco consacrato dagli elettori? Deve farsi coraggio il centrosinistra, fare onore alla sua storia passata, prendere atto della sconfitta e guardare al bene di tutti. Di questo, e non di altro, i cittadini daranno atto, o presenteranno il conto, in futuro&#8221; conclude Vigilante.<\/p>\n<div class=\"attachmentsContainer\">\u00a0<\/div>\n<div class=\"cmp_buttons_container\">\u00a0<\/div>\n","protected":false},"excerpt":{"rendered":"<p>Il consigliere del gruppo Lista civica per la citt\u00e0&#8217;, Antonio Vigilante, interviene in merito alla situazione dell&#8217;assesorato all&#8217;Istruzione. &#8220;I violentissimi e ripetuti attacchi &#8211; esordisce &#8230; <\/p>\n","protected":false},"author":1,"featured_media":0,"comment_status":"closed","ping_status":"closed","sticky":false,"template":"single-sidebar.php","format":"standard","meta":{"footnotes":""},"categories":[384],"tags":[],"class_list":["post-9977","post","type-post","status-publish","format-standard","hentry","category-c243-comunicati-stampa-dei-consiglieri-243"],"_links":{"self":[{"href":"https:\/\/archivio.comune.potenza.it\/index.php?rest_route=\/wp\/v2\/posts\/9977"}],"collection":[{"href":"https:\/\/archivio.comune.potenza.it\/index.php?rest_route=\/wp\/v2\/posts"}],"about":[{"href":"https:\/\/archivio.comune.potenza.it\/index.php?rest_route=\/wp\/v2\/types\/post"}],"author":[{"embeddable":true,"href":"https:\/\/archivio.comune.potenza.it\/index.php?rest_route=\/wp\/v2\/users\/1"}],"replies":[{"embeddable":true,"href":"https:\/\/archivio.comune.potenza.it\/index.php?rest_route=%2Fwp%2Fv2%2Fcomments&post=9977"}],"version-history":[{"count":0,"href":"https:\/\/archivio.comune.potenza.it\/index.php?rest_route=\/wp\/v2\/posts\/9977\/revisions"}],"wp:attachment":[{"href":"https:\/\/archivio.comune.potenza.it\/index.php?rest_route=%2Fwp%2Fv2%2Fmedia&parent=9977"}],"wp:term":[{"taxonomy":"category","embeddable":true,"href":"https:\/\/archivio.comune.potenza.it\/index.php?rest_route=%2Fwp%2Fv2%2Fcategories&post=9977"},{"taxonomy":"post_tag","embeddable":true,"href":"https:\/\/archivio.comune.potenza.it\/index.php?rest_route=%2Fwp%2Fv2%2Ftags&post=9977"}],"curies":[{"name":"wp","href":"https:\/\/api.w.org\/{rel}","templated":true}]}}